{"id":909,"date":"2018-10-25T01:37:00","date_gmt":"2018-10-25T03:37:00","guid":{"rendered":"http:\/\/blogdoedvaldomagalhaes.com.br\/index.php\/2018\/10\/25\/humberto-costa-cumpre-agenda-com-danie\/"},"modified":"2019-02-09T02:36:40","modified_gmt":"2019-02-09T04:36:40","slug":"humberto-costa-cumpre-agenda-com-danie","status":"publish","type":"post","link":"https:\/\/blogdoedvaldomagalhaes.com.br\/index.php\/2018\/10\/25\/humberto-costa-cumpre-agenda-com-danie\/","title":{"rendered":"Humberto Costa cumpre agenda com Daniel Finizola em Caruaru"},"content":{"rendered":"<div class=\"separator\" style=\"clear: both; text-align: justify;\">\n<a href=\"https:\/\/4.bp.blogspot.com\/-ppm3RKvJ6Bg\/W9Edh03UZrI\/AAAAAAAA8T4\/aY3DDmq4kQ8uZsqQqeWmbsJov1Tvzf02wCLcBGAs\/s1600\/IMG-20181024-WA0079.jpg\" imageanchor=\"1\" style=\"margin-left: 1em; margin-right: 1em;\"><img loading=\"lazy\" decoding=\"async\" border=\"0\" data-original-height=\"960\" data-original-width=\"1280\" height=\"480\" src=\"http:\/\/blogdoedvaldomagalhaes.com.br\/wp-content\/uploads\/2018\/10\/IMG-20181024-WA0079.jpg\" width=\"640\" \/><\/a><\/div>\n<div style=\"text-align: justify;\">\n<div style=\"text-align: center;\">\nFotos: Geraldo Mendon\u00e7a<\/div>\n<\/div>\n<div style=\"text-align: center;\">\n<\/div>\n<div style=\"text-align: justify;\">\nO senador mais votado em Pernambuco, Humberto Costa (PT), esteve em Caruaru, nesta quarta-feira (24), para agradecer os votos que recebeu na cidade e realizar uma atividade de campanha para Fernando Haddad (PT), candidato \u00e0 Presid\u00eancia da Rep\u00fablica que disputa o segundo turno no pr\u00f3ximo domingo (28). Acompanhado do vereador Daniel Finizola (PT), Humberto Costa tamb\u00e9m concedeu entrevistas em algumas r\u00e1dios da cidade.<\/div>\n<div class=\"separator\" style=\"clear: both; text-align: center;\">\n<a href=\"https:\/\/1.bp.blogspot.com\/-SBY4d16XHnE\/W9EfGhU0l8I\/AAAAAAAA8UE\/k0fyY3OuE10jNe_g4m5sBzAbw1enypveACLcBGAs\/s1600\/IMG-20181024-WA0081.jpg\" imageanchor=\"1\" style=\"margin-left: 1em; margin-right: 1em;\"><img loading=\"lazy\" decoding=\"async\" border=\"0\" data-original-height=\"853\" data-original-width=\"1280\" height=\"426\" src=\"http:\/\/blogdoedvaldomagalhaes.com.br\/wp-content\/uploads\/2018\/10\/IMG-20181024-WA0081.jpg\" width=\"640\" \/><\/a><\/div>\n<p><\/p>\n<div style=\"text-align: justify;\">\nDurante a tarde, Daniel e Humberto, junto a representantes de movimentos sociais e o vereador Marcelo Gomes (PSB), realizaram um pinga fogo e um adesiva\u00e7o na Avenida Rio Branco, dialogando com as pessoas, apresentando o projeto pol\u00edtico defendido por Fernando Haddad e debatendo sobre a import\u00e2ncia da luta e da resist\u00eancia em defesa da democracia. O artista Marcelo Jeneci tamb\u00e9m participou do ato, que foi bem aceito pela popula\u00e7\u00e3o. Muitas pessoas pararam para conversar, fazer perguntas, e declarar voto em Fernando Haddad.<\/div>\n<p><\/p>\n<div class=\"separator\" style=\"clear: both; text-align: center;\">\n<a href=\"https:\/\/1.bp.blogspot.com\/-HziKNlFgvZo\/W9EfQPeqB1I\/AAAAAAAA8UI\/A9SlQv8kzowP3eQoa3flLDyiwU05hfEvwCLcBGAs\/s1600\/IMG-20181024-WA0080.jpg\" imageanchor=\"1\" style=\"margin-left: 1em; margin-right: 1em;\"><img loading=\"lazy\" decoding=\"async\" border=\"0\" data-original-height=\"853\" data-original-width=\"1280\" height=\"426\" src=\"http:\/\/blogdoedvaldomagalhaes.com.br\/wp-content\/uploads\/2018\/10\/IMG-20181024-WA0080.jpg\" width=\"640\" \/><\/a><\/div>\n<p><\/p>\n<div style=\"text-align: justify;\">\n\u201cOs \u00faltimos dias foram muito importantes para n\u00f3s. Pudemos sentir de perto as pessoas mudando seu voto, se aproximando do nosso projeto. A vinda do senador Humberto Costa \u00e0 Caruaru \u00e9 uma grande demonstra\u00e7\u00e3o de aten\u00e7\u00e3o com a nossa cidade e com a tarefa de convencer as pessoas de Caruaru sobre a import\u00e2ncia de eleger Haddad presidente. Vamos continuar em campanha, dia e noite, at\u00e9 a vit\u00f3ria, porque a esperan\u00e7a vai vencer o medo\u201d, disse Daniel.<\/div>\n<p>Fotos: Geraldo Mendon\u00e7a.<\/p>\n","protected":false},"excerpt":{"rendered":"<p>Fotos: Geraldo Mendon\u00e7a O senador mais votado em Pernambuco, Humberto Costa (PT), esteve em Caruaru, nesta quarta-feira (24), para agradecer&hellip;<\/p>\n","protected":false},"author":1,"featured_media":0,"comment_status":"open","ping_status":"open","sticky":false,"template":"","format":"standard","meta":{"footnotes":""},"categories":[1],"tags":[2,20],"class_list":["post-909","post","type-post","status-publish","format-standard","hentry","category-sem-categoria","tag-blog-do-edvaldo-magalhaes","tag-politica"],"_links":{"self":[{"href":"https:\/\/blogdoedvaldomagalhaes.com.br\/index.php\/wp-json\/wp\/v2\/posts\/909","targetHints":{"allow":["GET"]}}],"collection":[{"href":"https:\/\/blogdoedvaldomagalhaes.com.br\/index.php\/wp-json\/wp\/v2\/posts"}],"about":[{"href":"https:\/\/blogdoedvaldomagalhaes.com.br\/index.php\/wp-json\/wp\/v2\/types\/post"}],"author":[{"embeddable":true,"href":"https:\/\/blogdoedvaldomagalhaes.com.br\/index.php\/wp-json\/wp\/v2\/users\/1"}],"replies":[{"embeddable":true,"href":"https:\/\/blogdoedvaldomagalhaes.com.br\/index.php\/wp-json\/wp\/v2\/comments?post=909"}],"version-history":[{"count":1,"href":"https:\/\/blogdoedvaldomagalhaes.com.br\/index.php\/wp-json\/wp\/v2\/posts\/909\/revisions"}],"predecessor-version":[{"id":35225,"href":"https:\/\/blogdoedvaldomagalhaes.com.br\/index.php\/wp-json\/wp\/v2\/posts\/909\/revisions\/35225"}],"wp:attachment":[{"href":"https:\/\/blogdoedvaldomagalhaes.com.br\/index.php\/wp-json\/wp\/v2\/media?parent=909"}],"wp:term":[{"taxonomy":"category","embeddable":true,"href":"https:\/\/blogdoedvaldomagalhaes.com.br\/index.php\/wp-json\/wp\/v2\/categories?post=909"},{"taxonomy":"post_tag","embeddable":true,"href":"https:\/\/blogdoedvaldomagalhaes.com.br\/index.php\/wp-json\/wp\/v2\/tags?post=909"}],"curies":[{"name":"wp","href":"https:\/\/api.w.org\/{rel}","templated":true}]}}