{"id":90899,"date":"2022-12-15T17:14:06","date_gmt":"2022-12-15T20:14:06","guid":{"rendered":"https:\/\/blogdoedvaldomagalhaes.com.br\/?p=90899"},"modified":"2022-12-15T17:14:08","modified_gmt":"2022-12-15T20:14:08","slug":"raquel-lyra-defende-dialogo-com-o-governo-lula-e-ja-teve-contato-com-geraldo-alckmin","status":"publish","type":"post","link":"https:\/\/blogdoedvaldomagalhaes.com.br\/index.php\/2022\/12\/15\/raquel-lyra-defende-dialogo-com-o-governo-lula-e-ja-teve-contato-com-geraldo-alckmin\/","title":{"rendered":"Raquel Lyra defende di\u00e1logo com o governo Lula, e j\u00e1 teve contato com Geraldo Alckmin"},"content":{"rendered":"<p style=\"text-align: justify;\"><span style=\"color: initial; font-size: revert;\">A governadora eleita de Pernambuco, Raquel Lyra (PSDB), afirmou que vai trabalhar pela conex\u00e3o com o novo Governo Federal eleito para garantir investimentos para Pernambuco. \u201cTemos feito di\u00e1logo com alguns membros que est\u00e3o abrindo as portas do novo governo, e espa\u00e7o para que a gente possa fazer pontes. \u00c9 disso que o povo precisa\u201d, ressaltou Raquel, durante entrevista \u00e0 R\u00e1dio CBN de S\u00e3o Paulo, nesta quinta (15).<\/span><\/p>\n<p style=\"text-align: justify;\">\u201cJ\u00e1 tive contato com o vice-presidente eleito, Geraldo Alckmin, que est\u00e1 coordenando a transi\u00e7\u00e3o, e tem aberto di\u00e1logo com os governadores. Tamb\u00e9m estive conversando com o futuro ministro da Defesa, Jos\u00e9 M\u00facio, que j\u00e1 se colocou \u00e0 disposi\u00e7\u00e3o do nosso estado\u201d, complementou.<\/p>\n<p style=\"text-align: justify;\">A governadora eleita disse que a principal tarefa do in\u00edcio do seu governo ser\u00e1 combater a fome. \u201cVamos criar um programa de aux\u00edlio, de transfer\u00eancia de renda direta para colocar comida na mesa, ao mesmo tempo em que n\u00f3s vamos estruturar o estado para a constru\u00e7\u00e3o das 60 mil vagas de creches\u201d, ressaltou.<\/p>\n<p style=\"text-align: justify;\">\u201cVoltar a gerar emprego e renda e combater a viol\u00eancia s\u00e3o temas que ser\u00e3o alvos j\u00e1 no primeiro dia de governo, da nossa preocupa\u00e7\u00e3o, e, sobretudo, da nossa ocupa\u00e7\u00e3o\u201d, reiterou.<\/p>\n<p style=\"text-align: justify;\">Raquel tamb\u00e9m destacou que vai buscar apoio do Governo Federal para superar os problemas de Pernambuco. \u201cNo estado, que hoje \u00e9 vice-l\u00edder de desemprego e campe\u00e3o de mis\u00e9ria no Brasil, que possamos ter os investimentos necess\u00e1rios do Governo Federal em Pernambuco, destravando \u00e1reas priorit\u00e1rias para que o estado volte a crescer sem deixar ningu\u00e9m para tr\u00e1s\u201d, finalizou.<\/p>\n<p style=\"text-align: justify;\">Fotos: Y\u00eado Leonel.<\/p>\n<p style=\"text-align: justify;\">Siga o Instagram do Blog @blogdoedvaldomagalhaes<\/p>\n","protected":false},"excerpt":{"rendered":"<p>A governadora eleita de Pernambuco, Raquel Lyra (PSDB), afirmou que vai trabalhar pela conex\u00e3o com o novo Governo Federal eleito&hellip;<\/p>\n","protected":false},"author":1,"featured_media":90900,"comment_status":"closed","ping_status":"open","sticky":false,"template":"","format":"standard","meta":{"footnotes":""},"categories":[14120],"tags":[2,19532,3406,26319],"class_list":["post-90899","post","type-post","status-publish","format-standard","has-post-thumbnail","hentry","category-noticias","tag-blog-do-edvaldo-magalhaes","tag-blog-mais-acessado-e-visualizado-de-caruaru-e-regiao","tag-caruaru","tag-raquel-lyra-defende-dialogo-com-o-governo-lula-e-ja-teve-contato-com-geraldo-alckmin"],"_links":{"self":[{"href":"https:\/\/blogdoedvaldomagalhaes.com.br\/index.php\/wp-json\/wp\/v2\/posts\/90899","targetHints":{"allow":["GET"]}}],"collection":[{"href":"https:\/\/blogdoedvaldomagalhaes.com.br\/index.php\/wp-json\/wp\/v2\/posts"}],"about":[{"href":"https:\/\/blogdoedvaldomagalhaes.com.br\/index.php\/wp-json\/wp\/v2\/types\/post"}],"author":[{"embeddable":true,"href":"https:\/\/blogdoedvaldomagalhaes.com.br\/index.php\/wp-json\/wp\/v2\/users\/1"}],"replies":[{"embeddable":true,"href":"https:\/\/blogdoedvaldomagalhaes.com.br\/index.php\/wp-json\/wp\/v2\/comments?post=90899"}],"version-history":[{"count":1,"href":"https:\/\/blogdoedvaldomagalhaes.com.br\/index.php\/wp-json\/wp\/v2\/posts\/90899\/revisions"}],"predecessor-version":[{"id":90901,"href":"https:\/\/blogdoedvaldomagalhaes.com.br\/index.php\/wp-json\/wp\/v2\/posts\/90899\/revisions\/90901"}],"wp:featuredmedia":[{"embeddable":true,"href":"https:\/\/blogdoedvaldomagalhaes.com.br\/index.php\/wp-json\/wp\/v2\/media\/90900"}],"wp:attachment":[{"href":"https:\/\/blogdoedvaldomagalhaes.com.br\/index.php\/wp-json\/wp\/v2\/media?parent=90899"}],"wp:term":[{"taxonomy":"category","embeddable":true,"href":"https:\/\/blogdoedvaldomagalhaes.com.br\/index.php\/wp-json\/wp\/v2\/categories?post=90899"},{"taxonomy":"post_tag","embeddable":true,"href":"https:\/\/blogdoedvaldomagalhaes.com.br\/index.php\/wp-json\/wp\/v2\/tags?post=90899"}],"curies":[{"name":"wp","href":"https:\/\/api.w.org\/{rel}","templated":true}]}}