{"id":90896,"date":"2022-12-15T12:19:12","date_gmt":"2022-12-15T15:19:12","guid":{"rendered":"https:\/\/blogdoedvaldomagalhaes.com.br\/?p=90896"},"modified":"2022-12-15T12:19:13","modified_gmt":"2022-12-15T15:19:13","slug":"jorge-quintino-apresentara-projeto-de-lei-sobre-politicas-e-mecanismos-que-assegurem-a-integracao-de-idosos","status":"publish","type":"post","link":"https:\/\/blogdoedvaldomagalhaes.com.br\/index.php\/2022\/12\/15\/jorge-quintino-apresentara-projeto-de-lei-sobre-politicas-e-mecanismos-que-assegurem-a-integracao-de-idosos\/","title":{"rendered":"Jorge Quintino apresentar\u00e1 Projeto de Lei sobre pol\u00edticas e mecanismos que assegurem a integra\u00e7\u00e3o de idosos"},"content":{"rendered":"<p style=\"text-align: justify;\"><span style=\"color: initial; font-size: revert;\">Na tarde desta quinta-feira (15), ser\u00e1 realizada mais uma reuni\u00e3o ordin\u00e1ria na C\u00e2mara Municipal. Durante o momento, o vereador Jorge Quintino (Solidariedade) destacar\u00e1 um Projeto de Lei sobre pol\u00edticas que assegurem a participa\u00e7\u00e3o e integra\u00e7\u00e3o dos idosos da cidade de Caruaru, facilitando acessos, defendendo sua dignidade e bem-estar e garantindo-lhes o direito \u00e0 vida.<\/span><\/p>\n<p style=\"text-align: justify;\">\u201c\u00c9 not\u00f3rio que os sites da Prefeitura e da C\u00e2mara Municipal n\u00e3o possuem nenhuma informa\u00e7\u00e3o ao cidad\u00e3o idoso em sua p\u00e1gina inicial. Sendo assim, \u00e9 imprescind\u00edvel que a Administra\u00e7\u00e3o Municipal seja um agente facilitador para o idoso, tamb\u00e9m nessa quest\u00e3o. Isso significa, por um lado, tornar mais claras as informa\u00e7\u00f5es na p\u00e1gina oficial, mas tamb\u00e9m proporcionar atendimento presencial especializado\u201d, ressalta o vereador.<\/p>\n<p style=\"text-align: justify;\">Ainda na sess\u00e3o legislativa, Jorge Quintino apresentar\u00e1 um Anteprojeto solicitando ao Poder Executivo a disponibilidade de m\u00e9todos espec\u00edficos para realiza\u00e7\u00e3o de pagamentos de taxas tribut\u00e1rias, que objetiva oferecer ao consumidor inadimplente a possibilidade de quita\u00e7\u00f5es por meio de cart\u00e3o de d\u00e9bito e\/ou cr\u00e9dito de d\u00edvidas do IPTU, impostos, contribui\u00e7\u00f5es e demais d\u00e9bitos municipais.<\/p>\n<p style=\"text-align: justify;\">\u201cA implanta\u00e7\u00e3o dessa forma de pagamento \u00e9 mais uma facilidade para o contribuinte, no que diz respeito ao pagamento de tributos municipais, al\u00e9m de criar mais uma oportunidade para que o mesmo regularize sua situa\u00e7\u00e3o, de uma forma pr\u00e1tica e simples, onde n\u00e3o fique inadimplente com o munic\u00edpio\u201d, destaca o vereador.<\/p>\n<p style=\"text-align: justify;\">A 64\u00aa sess\u00e3o legislativa ocorrer\u00e1 na Casa Jornalista Jos\u00e9 Carlos Flor\u00eancio, a partir das 16h. Foto: Vladimir Barreto.<\/p>\n<p style=\"text-align: justify;\">Siga o Instagram do Blog @blogdoedvaldomagalhaes<\/p>\n","protected":false},"excerpt":{"rendered":"<p>Na tarde desta quinta-feira (15), ser\u00e1 realizada mais uma reuni\u00e3o ordin\u00e1ria na C\u00e2mara Municipal. Durante o momento, o vereador Jorge&hellip;<\/p>\n","protected":false},"author":1,"featured_media":90897,"comment_status":"closed","ping_status":"open","sticky":false,"template":"","format":"standard","meta":{"footnotes":""},"categories":[14122],"tags":[2,19532,3406,26318,20],"class_list":["post-90896","post","type-post","status-publish","format-standard","has-post-thumbnail","hentry","category-politica","tag-blog-do-edvaldo-magalhaes","tag-blog-mais-acessado-e-visualizado-de-caruaru-e-regiao","tag-caruaru","tag-jorge-quintino-apresentara-projeto-de-lei-sobre-politicas-e-mecanismos-que-assegurem-a-integracao-de-idosos","tag-politica"],"_links":{"self":[{"href":"https:\/\/blogdoedvaldomagalhaes.com.br\/index.php\/wp-json\/wp\/v2\/posts\/90896","targetHints":{"allow":["GET"]}}],"collection":[{"href":"https:\/\/blogdoedvaldomagalhaes.com.br\/index.php\/wp-json\/wp\/v2\/posts"}],"about":[{"href":"https:\/\/blogdoedvaldomagalhaes.com.br\/index.php\/wp-json\/wp\/v2\/types\/post"}],"author":[{"embeddable":true,"href":"https:\/\/blogdoedvaldomagalhaes.com.br\/index.php\/wp-json\/wp\/v2\/users\/1"}],"replies":[{"embeddable":true,"href":"https:\/\/blogdoedvaldomagalhaes.com.br\/index.php\/wp-json\/wp\/v2\/comments?post=90896"}],"version-history":[{"count":1,"href":"https:\/\/blogdoedvaldomagalhaes.com.br\/index.php\/wp-json\/wp\/v2\/posts\/90896\/revisions"}],"predecessor-version":[{"id":90898,"href":"https:\/\/blogdoedvaldomagalhaes.com.br\/index.php\/wp-json\/wp\/v2\/posts\/90896\/revisions\/90898"}],"wp:featuredmedia":[{"embeddable":true,"href":"https:\/\/blogdoedvaldomagalhaes.com.br\/index.php\/wp-json\/wp\/v2\/media\/90897"}],"wp:attachment":[{"href":"https:\/\/blogdoedvaldomagalhaes.com.br\/index.php\/wp-json\/wp\/v2\/media?parent=90896"}],"wp:term":[{"taxonomy":"category","embeddable":true,"href":"https:\/\/blogdoedvaldomagalhaes.com.br\/index.php\/wp-json\/wp\/v2\/categories?post=90896"},{"taxonomy":"post_tag","embeddable":true,"href":"https:\/\/blogdoedvaldomagalhaes.com.br\/index.php\/wp-json\/wp\/v2\/tags?post=90896"}],"curies":[{"name":"wp","href":"https:\/\/api.w.org\/{rel}","templated":true}]}}