{"id":90888,"date":"2022-12-15T10:58:46","date_gmt":"2022-12-15T13:58:46","guid":{"rendered":"https:\/\/blogdoedvaldomagalhaes.com.br\/?p=90888"},"modified":"2022-12-15T11:43:28","modified_gmt":"2022-12-15T14:43:28","slug":"vereador-irmao-ronaldo-consegue-agilizar-construcao-de-pontilhao-no-bairro-severino-afonso","status":"publish","type":"post","link":"https:\/\/blogdoedvaldomagalhaes.com.br\/index.php\/2022\/12\/15\/vereador-irmao-ronaldo-consegue-agilizar-construcao-de-pontilhao-no-bairro-severino-afonso\/","title":{"rendered":"Vereador Irm\u00e3o Ronaldo consegue agilizar constru\u00e7\u00e3o de pontilh\u00e3o no bairro Severino Afonso"},"content":{"rendered":"<p style=\"text-align: justify;\">O vereador Irm\u00e3o Ronaldo conseguiu agilizar a constru\u00e7\u00e3o do pontilh\u00e3o na Rua Pedro Guarda, bairro Severino Afonso, junto a prefeitura que ser\u00e1 constru\u00eddo pela Empresa Ferreira Costa.<\/p>\n<p style=\"text-align: justify;\">REQUERIMENTOS SOLICITADOS DE AUTORIA DO VEREADOR IRM\u00c3O RONALDO<\/p>\n<p style=\"text-align: justify;\"><a href=\"https:\/\/sapl.caruaru.pe.leg.br\/materia\/28413\"><span style=\"font-weight: 400;\">REQUERIMENTO n\u00ba 3255 de 2022<\/span><\/a> <span style=\"font-weight: 400;\">Reiterando requerimento 4215\/2021 para que se viabilize a limpeza e a capina\u00e7\u00e3o do Canal que fica localizado no Bairro Vila Kennedy que segue na lateral do SENAI e passa em frente, cruzando a Rua Jo\u00e3o Gomes Pontes.<\/span><\/p>\n<p style=\"text-align: justify;\"><a href=\"https:\/\/sapl.caruaru.pe.leg.br\/materia\/28414\"><span style=\"font-weight: 400;\">REQUERIMENTO n\u00ba 3256 de 2022<\/span><\/a> <span style=\"font-weight: 400;\">Reiterando requerimento 4246\/2021 para que viabilize Servi\u00e7o de Limpeza do Terreno, localizado no final da Rua Couto Magalh\u00e3es, 47 Bairro Maur\u00edcio de Nassau.<\/span><\/p>\n<p style=\"text-align: justify;\"><a href=\"https:\/\/sapl.caruaru.pe.leg.br\/materia\/28415\"><span style=\"font-weight: 400;\">REQUERIMENTO n\u00ba 3257 de 2022<\/span><\/a> <span style=\"font-weight: 400;\">Reiterando requerimento 4124\/2021 para que viabilize com URGENCIA a confec\u00e7\u00e3o e fixa\u00e7\u00e3o das placas constando o Nome e CEP, nas Ruas do Bairro S\u00e3o Jo\u00e3o da Esc\u00f3cia, listadas em anexo.<\/span><\/p>\n<p style=\"text-align: justify;\"><a href=\"https:\/\/sapl.caruaru.pe.leg.br\/materia\/28416\"><span style=\"font-weight: 400;\">REQUERIMENTO n\u00ba 3258 de 2022<\/span><\/a> <span style=\"font-weight: 400;\">Reiterando requerimento 4139\/2021 para que viabilize com URGENCIA a confec\u00e7\u00e3o e fixa\u00e7\u00e3o das placas constando o Nome e CEP, nas Ruas do Bairro Luiz Gonzaga, listadas em anexo.<\/span><\/p>\n<p style=\"text-align: justify;\"><a href=\"https:\/\/sapl.caruaru.pe.leg.br\/materia\/28417\"><span style=\"font-weight: 400;\">REQUERIMENTO n\u00ba 3259 de 2022<\/span><\/a> <span style=\"font-weight: 400;\">Reiterando requerimento 4140\/2021 Ao Diretor Presidente da Autarquia de Mobilidade, Transito e Transporte de Caruaru (AMTTC), o Sr. Diogo Bezerra, para que viabilize com URGENCIA a confec\u00e7\u00e3o e fixa\u00e7\u00e3o das placas constando o Nome e CEP, nas Ruas do Bairro Universit\u00e1rio, listadas em anexo.<\/span><\/p>\n<p style=\"text-align: justify;\"><a href=\"https:\/\/sapl.caruaru.pe.leg.br\/materia\/28444\"><span style=\"font-weight: 400;\">REQUERIMENTO n\u00ba 3277 de 2022<\/span><\/a> <span style=\"font-weight: 400;\">Reiterando requerimento 4141\/2021 para que viabilize com URGENCIA a confec\u00e7\u00e3o e fixa\u00e7\u00e3o das placas constando o Nome e CEP, nas Ruas do Bairro Nossa Senhora das Gra\u00e7as, listadas em anexo.<\/span><\/p>\n<p style=\"text-align: justify;\"><a href=\"https:\/\/sapl.caruaru.pe.leg.br\/materia\/28445\"><span style=\"font-weight: 400;\">REQUERIMENTO n\u00ba 3278 de 2022<\/span><\/a> <span style=\"font-weight: 400;\">Reiterando requerimento 4142\/2021 para que viabilize com URGENCIA a confec\u00e7\u00e3o e fixa\u00e7\u00e3o das placas constando o Nome e CEP, nas Ruas do Bairro do Salgado, listadas em anexo.<\/span><\/p>\n","protected":false},"excerpt":{"rendered":"<p>O vereador Irm\u00e3o Ronaldo conseguiu agilizar a constru\u00e7\u00e3o do pontilh\u00e3o na Rua Pedro Guarda, bairro Severino Afonso, junto a prefeitura&hellip;<\/p>\n","protected":false},"author":1,"featured_media":90895,"comment_status":"closed","ping_status":"open","sticky":false,"template":"","format":"standard","meta":{"footnotes":""},"categories":[14122],"tags":[2,19532,3406,26317],"class_list":["post-90888","post","type-post","status-publish","format-standard","has-post-thumbnail","hentry","category-politica","tag-blog-do-edvaldo-magalhaes","tag-blog-mais-acessado-e-visualizado-de-caruaru-e-regiao","tag-caruaru","tag-vereador-irmao-ronaldo-consegue-agilizar-construcao-de-pontilhao-no-bairro-severino-afonso"],"_links":{"self":[{"href":"https:\/\/blogdoedvaldomagalhaes.com.br\/index.php\/wp-json\/wp\/v2\/posts\/90888","targetHints":{"allow":["GET"]}}],"collection":[{"href":"https:\/\/blogdoedvaldomagalhaes.com.br\/index.php\/wp-json\/wp\/v2\/posts"}],"about":[{"href":"https:\/\/blogdoedvaldomagalhaes.com.br\/index.php\/wp-json\/wp\/v2\/types\/post"}],"author":[{"embeddable":true,"href":"https:\/\/blogdoedvaldomagalhaes.com.br\/index.php\/wp-json\/wp\/v2\/users\/1"}],"replies":[{"embeddable":true,"href":"https:\/\/blogdoedvaldomagalhaes.com.br\/index.php\/wp-json\/wp\/v2\/comments?post=90888"}],"version-history":[{"count":1,"href":"https:\/\/blogdoedvaldomagalhaes.com.br\/index.php\/wp-json\/wp\/v2\/posts\/90888\/revisions"}],"predecessor-version":[{"id":90889,"href":"https:\/\/blogdoedvaldomagalhaes.com.br\/index.php\/wp-json\/wp\/v2\/posts\/90888\/revisions\/90889"}],"wp:featuredmedia":[{"embeddable":true,"href":"https:\/\/blogdoedvaldomagalhaes.com.br\/index.php\/wp-json\/wp\/v2\/media\/90895"}],"wp:attachment":[{"href":"https:\/\/blogdoedvaldomagalhaes.com.br\/index.php\/wp-json\/wp\/v2\/media?parent=90888"}],"wp:term":[{"taxonomy":"category","embeddable":true,"href":"https:\/\/blogdoedvaldomagalhaes.com.br\/index.php\/wp-json\/wp\/v2\/categories?post=90888"},{"taxonomy":"post_tag","embeddable":true,"href":"https:\/\/blogdoedvaldomagalhaes.com.br\/index.php\/wp-json\/wp\/v2\/tags?post=90888"}],"curies":[{"name":"wp","href":"https:\/\/api.w.org\/{rel}","templated":true}]}}