{"id":90874,"date":"2022-12-15T09:56:51","date_gmt":"2022-12-15T12:56:51","guid":{"rendered":"https:\/\/blogdoedvaldomagalhaes.com.br\/?p=90874"},"modified":"2022-12-15T11:02:16","modified_gmt":"2022-12-15T14:02:16","slug":"motorista-assassinado-a-tiros-dentro-do-proprio-carro-em-caruaru","status":"publish","type":"post","link":"https:\/\/blogdoedvaldomagalhaes.com.br\/index.php\/2022\/12\/15\/motorista-assassinado-a-tiros-dentro-do-proprio-carro-em-caruaru\/","title":{"rendered":"Motorista assassinado a tiros dentro do pr\u00f3prio carro em Caruaru"},"content":{"rendered":"<p style=\"text-align: justify;\">Na manh\u00e3 desta quarta-feira (15), Jos\u00e9 Andr\u00e9 de Lima Barros, conhecido como &#8220;D\u00e9 Cacundo&#8221;, 44 anos de idade, que residia no bairro Morada Nova, casado, pai de dois adolescentes, que vendia lanches, foi assassinado a tiros dentro do pr\u00f3prio carro por dois indiv\u00edduos que estavam em uma motocicleta, na rua Odilon Ramos da Silva, no bairro Rendeiras, em Caruaru.<\/p>\n<p style=\"text-align: justify;\">A senhora Janete, esposa da v\u00edtima, contou que saiu do carro para comprar uma galinha no abatedor e ouviu os disparos de arma de fogo, quando retornou encontrou o esposo morto. Ela disse que o esposo havia sido preso h\u00e1 cerca de 20 anos.<\/p>\n<p style=\"text-align: justify;\">Este foi o 7\u00b0 homic\u00eddio no m\u00eas de dezembro, e o 92\u00b0 no ano de 2022, em Caruaru.<\/p>\n\n\n<figure class=\"wp-block-image size-full\"><img loading=\"lazy\" decoding=\"async\" width=\"834\" height=\"626\" src=\"https:\/\/blogdoedvaldomagalhaes.com.br\/wp-content\/uploads\/2022\/12\/IMG-20221215-WA0049.jpg\" alt=\"\" class=\"wp-image-90890\" srcset=\"https:\/\/blogdoedvaldomagalhaes.com.br\/wp-content\/uploads\/2022\/12\/IMG-20221215-WA0049.jpg 834w, https:\/\/blogdoedvaldomagalhaes.com.br\/wp-content\/uploads\/2022\/12\/IMG-20221215-WA0049-300x225.jpg 300w, https:\/\/blogdoedvaldomagalhaes.com.br\/wp-content\/uploads\/2022\/12\/IMG-20221215-WA0049-768x576.jpg 768w, https:\/\/blogdoedvaldomagalhaes.com.br\/wp-content\/uploads\/2022\/12\/IMG-20221215-WA0049-160x120.jpg 160w\" sizes=\"auto, (max-width: 834px) 100vw, 834px\" \/><figcaption>Foto: Kalebe Pereira <\/figcaption><\/figure>\n\n\n\n<figure class=\"wp-block-image size-large\"><img loading=\"lazy\" decoding=\"async\" width=\"1024\" height=\"576\" src=\"https:\/\/blogdoedvaldomagalhaes.com.br\/wp-content\/uploads\/2022\/12\/IMG-20221215-WA0048-1024x576.jpg\" alt=\"\" class=\"wp-image-90891\" srcset=\"https:\/\/blogdoedvaldomagalhaes.com.br\/wp-content\/uploads\/2022\/12\/IMG-20221215-WA0048-1024x576.jpg 1024w, https:\/\/blogdoedvaldomagalhaes.com.br\/wp-content\/uploads\/2022\/12\/IMG-20221215-WA0048-300x169.jpg 300w, https:\/\/blogdoedvaldomagalhaes.com.br\/wp-content\/uploads\/2022\/12\/IMG-20221215-WA0048-768x432.jpg 768w, https:\/\/blogdoedvaldomagalhaes.com.br\/wp-content\/uploads\/2022\/12\/IMG-20221215-WA0048-1140x641.jpg 1140w, https:\/\/blogdoedvaldomagalhaes.com.br\/wp-content\/uploads\/2022\/12\/IMG-20221215-WA0048-720x405.jpg 720w, https:\/\/blogdoedvaldomagalhaes.com.br\/wp-content\/uploads\/2022\/12\/IMG-20221215-WA0048.jpg 1280w\" sizes=\"auto, (max-width: 1024px) 100vw, 1024px\" \/><figcaption>Foto: Adielson Galv\u00e3o <\/figcaption><\/figure>\n\n\n\n<figure class=\"wp-block-image size-full is-resized\"><img loading=\"lazy\" decoding=\"async\" src=\"https:\/\/blogdoedvaldomagalhaes.com.br\/wp-content\/uploads\/2022\/12\/IMG-20221215-WA0044.jpg\" alt=\"\" class=\"wp-image-90893\" width=\"346\" height=\"271\" srcset=\"https:\/\/blogdoedvaldomagalhaes.com.br\/wp-content\/uploads\/2022\/12\/IMG-20221215-WA0044.jpg 328w, https:\/\/blogdoedvaldomagalhaes.com.br\/wp-content\/uploads\/2022\/12\/IMG-20221215-WA0044-300x235.jpg 300w\" sizes=\"auto, (max-width: 346px) 100vw, 346px\" \/><figcaption>V\u00edtima: Jos\u00e9 Andr\u00e9 de Lima Barros <\/figcaption><\/figure>\n","protected":false},"excerpt":{"rendered":"<p>Na manh\u00e3 desta quarta-feira (15), Jos\u00e9 Andr\u00e9 de Lima Barros, conhecido como &#8220;D\u00e9 Cacundo&#8221;, 44 anos de idade, que residia&hellip;<\/p>\n","protected":false},"author":1,"featured_media":90875,"comment_status":"closed","ping_status":"open","sticky":false,"template":"","format":"standard","meta":{"footnotes":""},"categories":[14121],"tags":[2,19532,3406,26316],"class_list":["post-90874","post","type-post","status-publish","format-standard","has-post-thumbnail","hentry","category-policial","tag-blog-do-edvaldo-magalhaes","tag-blog-mais-acessado-e-visualizado-de-caruaru-e-regiao","tag-caruaru","tag-motorista-assassinado-a-tiros-dentro-do-proprio-carro-em-caruaru"],"_links":{"self":[{"href":"https:\/\/blogdoedvaldomagalhaes.com.br\/index.php\/wp-json\/wp\/v2\/posts\/90874","targetHints":{"allow":["GET"]}}],"collection":[{"href":"https:\/\/blogdoedvaldomagalhaes.com.br\/index.php\/wp-json\/wp\/v2\/posts"}],"about":[{"href":"https:\/\/blogdoedvaldomagalhaes.com.br\/index.php\/wp-json\/wp\/v2\/types\/post"}],"author":[{"embeddable":true,"href":"https:\/\/blogdoedvaldomagalhaes.com.br\/index.php\/wp-json\/wp\/v2\/users\/1"}],"replies":[{"embeddable":true,"href":"https:\/\/blogdoedvaldomagalhaes.com.br\/index.php\/wp-json\/wp\/v2\/comments?post=90874"}],"version-history":[{"count":8,"href":"https:\/\/blogdoedvaldomagalhaes.com.br\/index.php\/wp-json\/wp\/v2\/posts\/90874\/revisions"}],"predecessor-version":[{"id":90894,"href":"https:\/\/blogdoedvaldomagalhaes.com.br\/index.php\/wp-json\/wp\/v2\/posts\/90874\/revisions\/90894"}],"wp:featuredmedia":[{"embeddable":true,"href":"https:\/\/blogdoedvaldomagalhaes.com.br\/index.php\/wp-json\/wp\/v2\/media\/90875"}],"wp:attachment":[{"href":"https:\/\/blogdoedvaldomagalhaes.com.br\/index.php\/wp-json\/wp\/v2\/media?parent=90874"}],"wp:term":[{"taxonomy":"category","embeddable":true,"href":"https:\/\/blogdoedvaldomagalhaes.com.br\/index.php\/wp-json\/wp\/v2\/categories?post=90874"},{"taxonomy":"post_tag","embeddable":true,"href":"https:\/\/blogdoedvaldomagalhaes.com.br\/index.php\/wp-json\/wp\/v2\/tags?post=90874"}],"curies":[{"name":"wp","href":"https:\/\/api.w.org\/{rel}","templated":true}]}}