{"id":90871,"date":"2022-12-15T09:43:28","date_gmt":"2022-12-15T12:43:28","guid":{"rendered":"https:\/\/blogdoedvaldomagalhaes.com.br\/?p=90871"},"modified":"2022-12-15T09:43:29","modified_gmt":"2022-12-15T12:43:29","slug":"quatro-individuos-presos-em-caruaru-apos-cometerem-serie-de-assaltos","status":"publish","type":"post","link":"https:\/\/blogdoedvaldomagalhaes.com.br\/index.php\/2022\/12\/15\/quatro-individuos-presos-em-caruaru-apos-cometerem-serie-de-assaltos\/","title":{"rendered":"Quatro indiv\u00edduos presos em Caruaru ap\u00f3s cometerem s\u00e9rie de assaltos"},"content":{"rendered":"<p style=\"text-align: justify;\"><span style=\"color: initial; font-size: revert;\">Policiais militares do 1\u00ba BIEsp prenderam, quarta-feira (14\/12), em Caruaru, quatro homens por assaltos, cometidos na cidade e em S\u00e3o Caitano. O efetivo estava na Delegacia e Plant\u00e3o quando um popular chegou afirmando ter tido o celular roubado em uma lot\u00e9rica do munic\u00edpio vizinho e ao rastrear o aparelho descobriu que ele estava na Capital do Agreste.<\/span><\/p>\n<p style=\"text-align: justify;\">Ao realizar buscas na cidade, a equipe foi parada por transeuntes que denunciaram que um grupo estava praticando assaltos na regi\u00e3o, usando um carro. O ve\u00edculo foi avistado na Pra\u00e7a do Convento e foi dada ordem para que os quatro ocupantes desembarcassem.<\/p>\n<p style=\"text-align: justify;\">Ao abord\u00e1-los, foram apreendidos tr\u00eas armas de fogo, sendo dois rev\u00f3lveres calibre .32 e uma pistola 380, tr\u00eas carregadores de pistola, muni\u00e7\u00f5es e nada menos que oito celulares, provavelmente tomados de assalto. A ocorr\u00eancia foi encaminhada para a Pol\u00edcia Civil. Foto: Divulga\u00e7\u00e3o.<\/p>\n<p style=\"text-align: justify;\">Siga o Instagram do Blog @blogdoedvaldomagalhaes<\/p>\n","protected":false},"excerpt":{"rendered":"<p>Policiais militares do 1\u00ba BIEsp prenderam, quarta-feira (14\/12), em Caruaru, quatro homens por assaltos, cometidos na cidade e em S\u00e3o&hellip;<\/p>\n","protected":false},"author":1,"featured_media":90872,"comment_status":"closed","ping_status":"open","sticky":false,"template":"","format":"standard","meta":{"footnotes":""},"categories":[14121],"tags":[2,19532,3406,26315],"class_list":["post-90871","post","type-post","status-publish","format-standard","has-post-thumbnail","hentry","category-policial","tag-blog-do-edvaldo-magalhaes","tag-blog-mais-acessado-e-visualizado-de-caruaru-e-regiao","tag-caruaru","tag-quatro-individuos-presos-em-caruaru-apos-cometerem-serie-de-assaltos"],"_links":{"self":[{"href":"https:\/\/blogdoedvaldomagalhaes.com.br\/index.php\/wp-json\/wp\/v2\/posts\/90871","targetHints":{"allow":["GET"]}}],"collection":[{"href":"https:\/\/blogdoedvaldomagalhaes.com.br\/index.php\/wp-json\/wp\/v2\/posts"}],"about":[{"href":"https:\/\/blogdoedvaldomagalhaes.com.br\/index.php\/wp-json\/wp\/v2\/types\/post"}],"author":[{"embeddable":true,"href":"https:\/\/blogdoedvaldomagalhaes.com.br\/index.php\/wp-json\/wp\/v2\/users\/1"}],"replies":[{"embeddable":true,"href":"https:\/\/blogdoedvaldomagalhaes.com.br\/index.php\/wp-json\/wp\/v2\/comments?post=90871"}],"version-history":[{"count":1,"href":"https:\/\/blogdoedvaldomagalhaes.com.br\/index.php\/wp-json\/wp\/v2\/posts\/90871\/revisions"}],"predecessor-version":[{"id":90873,"href":"https:\/\/blogdoedvaldomagalhaes.com.br\/index.php\/wp-json\/wp\/v2\/posts\/90871\/revisions\/90873"}],"wp:featuredmedia":[{"embeddable":true,"href":"https:\/\/blogdoedvaldomagalhaes.com.br\/index.php\/wp-json\/wp\/v2\/media\/90872"}],"wp:attachment":[{"href":"https:\/\/blogdoedvaldomagalhaes.com.br\/index.php\/wp-json\/wp\/v2\/media?parent=90871"}],"wp:term":[{"taxonomy":"category","embeddable":true,"href":"https:\/\/blogdoedvaldomagalhaes.com.br\/index.php\/wp-json\/wp\/v2\/categories?post=90871"},{"taxonomy":"post_tag","embeddable":true,"href":"https:\/\/blogdoedvaldomagalhaes.com.br\/index.php\/wp-json\/wp\/v2\/tags?post=90871"}],"curies":[{"name":"wp","href":"https:\/\/api.w.org\/{rel}","templated":true}]}}