{"id":90866,"date":"2022-12-15T09:33:52","date_gmt":"2022-12-15T12:33:52","guid":{"rendered":"https:\/\/blogdoedvaldomagalhaes.com.br\/?p=90866"},"modified":"2022-12-15T09:38:53","modified_gmt":"2022-12-15T12:38:53","slug":"estudantes-da-rede-municipal-de-caruaru-apresentam-baile-do-menino-deus-no-alto-do-moura","status":"publish","type":"post","link":"https:\/\/blogdoedvaldomagalhaes.com.br\/index.php\/2022\/12\/15\/estudantes-da-rede-municipal-de-caruaru-apresentam-baile-do-menino-deus-no-alto-do-moura\/","title":{"rendered":"Estudantes da Rede Municipal de Caruaru apresentam \u201cBaile do Menino Deus\u201d no Alto do Moura"},"content":{"rendered":"<p style=\"text-align: justify;\"><span style=\"color: initial; font-size: revert;\">Ap\u00f3s o sucesso na apresenta\u00e7\u00e3o do espet\u00e1culo \u201cBaile do Menino Deus\u201d na abertura do Festival de Arte e Cultura Estudantil (FACE), no fim de novembro, na Esta\u00e7\u00e3o Ferrovi\u00e1ria, os estudantes da Rede Municipal de Ensino de Caruaru se apresentam, nesta quinta-feira (15), a partir das 19h, em frente a Casa-Museu Mestre Vitalino, no Alto do Moura.<\/span><\/p>\n<p style=\"text-align: justify;\">Em sua primeira edi\u00e7\u00e3o, o FACE &#8211; Festival de Arte e Cultura Estudantil, veio com a proposta de potencializar o processo de ensino e aprendizagem de estudantes da Rede Municipal de Ensino de Caruaru e despertar um olhar cr\u00edtico e sens\u00edvel a partir do contato com as diversas linguagens art\u00edsticas, dentro e fora do ambiente escolar.<\/p>\n<p style=\"text-align: justify;\">\u201cO objetivo dessa apresenta\u00e7\u00e3o no Alto do Moura \u00e9 descentralizar o movimento cultural e levar tamb\u00e9m para os locais mais afastados do centro da cidade a oportunidade de assistir a este bel\u00edssimo espet\u00e1culo, contemplando tamb\u00e9m um p\u00fablico diferente do que foi a Via Parque na primeira apresenta\u00e7\u00e3o\u201d, comentou a secret\u00e1ria de Educa\u00e7\u00e3o e Esportes, Aline Tib\u00farcio.<\/p>\n<p style=\"text-align: justify;\">Promovido pela Prefeitura de Caruaru, por meio da Secretaria de Educa\u00e7\u00e3o e Esportes (Seduc), o espet\u00e1culo o \u201cBaile do menino Deus\u201d, tem texto escrito por Ronaldo Correia de Brito e Assis Lima e conta uma hist\u00f3ria recheada de cores, luzes e m\u00fasica, tendo um palha\u00e7o, chamado Mateus, conduzindo a narrativa e alguns brincantes como personagens que percorrem todo o texto.<\/p>\n<p style=\"text-align: justify;\">A parte musical do Auto de Natal ser\u00e1 ao vivo: o instrumental ser\u00e1 conduzido pelos arte-educadores de m\u00fasica da rede; no vocal, um coro infanto-juvenil das escolas Pedro de Souza, Leudo Valen\u00e7a e Presidente Kennedy; o batuque da Leudo Valen\u00e7a entra em cena com um expressivo cortejo do maracatu. Na dan\u00e7a, um corpo coreogr\u00e1fico representando algumas unidades de ensino. E na linguagem do teatro, todo o elenco \u00e9 fruto das oficinas da Escola Mestre Vitalino. A<span style=\"font-size: revert; color: initial;\">&nbsp;apresenta\u00e7\u00e3o \u00e9 gratuita.<\/span><\/p>\n<p style=\"text-align: justify;\">Siga o Instagram do Blog @blogdoedvaldomagalhaes<\/p>\n\n\n<figure class=\"wp-block-image size-large\"><img loading=\"lazy\" decoding=\"async\" width=\"1024\" height=\"682\" src=\"https:\/\/blogdoedvaldomagalhaes.com.br\/wp-content\/uploads\/2022\/12\/IMG-20221215-WA0031-1024x682.jpg\" alt=\"\" class=\"wp-image-90868\" srcset=\"https:\/\/blogdoedvaldomagalhaes.com.br\/wp-content\/uploads\/2022\/12\/IMG-20221215-WA0031-1024x682.jpg 1024w, https:\/\/blogdoedvaldomagalhaes.com.br\/wp-content\/uploads\/2022\/12\/IMG-20221215-WA0031-300x200.jpg 300w, https:\/\/blogdoedvaldomagalhaes.com.br\/wp-content\/uploads\/2022\/12\/IMG-20221215-WA0031-768x512.jpg 768w, https:\/\/blogdoedvaldomagalhaes.com.br\/wp-content\/uploads\/2022\/12\/IMG-20221215-WA0031.jpg 1280w\" sizes=\"auto, (max-width: 1024px) 100vw, 1024px\" \/><figcaption>Fotos: Jorge Farias<\/figcaption><\/figure>\n","protected":false},"excerpt":{"rendered":"<p>Ap\u00f3s o sucesso na apresenta\u00e7\u00e3o do espet\u00e1culo \u201cBaile do Menino Deus\u201d na abertura do Festival de Arte e Cultura Estudantil&hellip;<\/p>\n","protected":false},"author":1,"featured_media":90867,"comment_status":"closed","ping_status":"open","sticky":false,"template":"","format":"standard","meta":{"footnotes":""},"categories":[14120],"tags":[2,19532,3406,26314],"class_list":["post-90866","post","type-post","status-publish","format-standard","has-post-thumbnail","hentry","category-noticias","tag-blog-do-edvaldo-magalhaes","tag-blog-mais-acessado-e-visualizado-de-caruaru-e-regiao","tag-caruaru","tag-estudantes-da-rede-municipal-de-caruaru-apresentam-baile-do-menino-deus-no-alto-do-moura"],"_links":{"self":[{"href":"https:\/\/blogdoedvaldomagalhaes.com.br\/index.php\/wp-json\/wp\/v2\/posts\/90866","targetHints":{"allow":["GET"]}}],"collection":[{"href":"https:\/\/blogdoedvaldomagalhaes.com.br\/index.php\/wp-json\/wp\/v2\/posts"}],"about":[{"href":"https:\/\/blogdoedvaldomagalhaes.com.br\/index.php\/wp-json\/wp\/v2\/types\/post"}],"author":[{"embeddable":true,"href":"https:\/\/blogdoedvaldomagalhaes.com.br\/index.php\/wp-json\/wp\/v2\/users\/1"}],"replies":[{"embeddable":true,"href":"https:\/\/blogdoedvaldomagalhaes.com.br\/index.php\/wp-json\/wp\/v2\/comments?post=90866"}],"version-history":[{"count":2,"href":"https:\/\/blogdoedvaldomagalhaes.com.br\/index.php\/wp-json\/wp\/v2\/posts\/90866\/revisions"}],"predecessor-version":[{"id":90870,"href":"https:\/\/blogdoedvaldomagalhaes.com.br\/index.php\/wp-json\/wp\/v2\/posts\/90866\/revisions\/90870"}],"wp:featuredmedia":[{"embeddable":true,"href":"https:\/\/blogdoedvaldomagalhaes.com.br\/index.php\/wp-json\/wp\/v2\/media\/90867"}],"wp:attachment":[{"href":"https:\/\/blogdoedvaldomagalhaes.com.br\/index.php\/wp-json\/wp\/v2\/media?parent=90866"}],"wp:term":[{"taxonomy":"category","embeddable":true,"href":"https:\/\/blogdoedvaldomagalhaes.com.br\/index.php\/wp-json\/wp\/v2\/categories?post=90866"},{"taxonomy":"post_tag","embeddable":true,"href":"https:\/\/blogdoedvaldomagalhaes.com.br\/index.php\/wp-json\/wp\/v2\/tags?post=90866"}],"curies":[{"name":"wp","href":"https:\/\/api.w.org\/{rel}","templated":true}]}}