{"id":90862,"date":"2022-12-15T08:55:48","date_gmt":"2022-12-15T11:55:48","guid":{"rendered":"https:\/\/blogdoedvaldomagalhaes.com.br\/?p=90862"},"modified":"2022-12-15T09:00:37","modified_gmt":"2022-12-15T12:00:37","slug":"anderson-correia-cumpre-agenda-com-pauta-animalista-em-currais-novos-rn","status":"publish","type":"post","link":"https:\/\/blogdoedvaldomagalhaes.com.br\/index.php\/2022\/12\/15\/anderson-correia-cumpre-agenda-com-pauta-animalista-em-currais-novos-rn\/","title":{"rendered":"Anderson Correia cumpre agenda com pauta animalista em Currais Novos-RN"},"content":{"rendered":"<p style=\"text-align: justify;\"><span style=\"color: initial; font-size: revert;\">A convite do Conselho Municipal de Prote\u00e7\u00e3o e Defesa Animal de Currais Novos, munic\u00edpio do Rio Grande do Norte, localizado a 181 Km da capital Natal, o vereador Anderson Correia esteve nesta quarta-feira (14), cumprindo agenda na cidade. O primeiro compromisso foi com o seu projeto \u201cCaravana Direito Animal nas Escolas\u201d, onde o parlamentar e advogado animalista ministrou uma palestra para alunos da Escola Municipal Professor Humberto Gama, sobre os direitos dos animais.<\/span><\/p>\n<p style=\"text-align: justify;\">Em seguida o Defensor dos Animais esteve na C\u00e2mara Municipal, para um encontro com protetores e ativistas da causa animal do munic\u00edpio potiguar, onde debateu pol\u00edticas p\u00fablicas animalistas e levou ideias para serem aplicadas na cidade, em prol dos animais. Na ocasi\u00e3o Correia tamb\u00e9m concedeu algumas entrevistas para a imprensa local, que acompanhou o encontro. Fechando a agenda, Anderson esteve no programa \u201cJornal do Meio-Dia\u201d, da r\u00e1dio Currais Novos FM, onde falou por uma hora sobre Direito Animal, com a intera\u00e7\u00e3o dos ouvintes, na media\u00e7\u00e3o de tr\u00eas jornalistas.<\/p>\n<p style=\"text-align: justify;\">\u201cHoje foi mais daqueles dias que nos enche de motiva\u00e7\u00e3o por levar o Direito Animal para diversas pessoas de outro munic\u00edpio. Minha gratid\u00e3o a todos que nos receberam muito bem, na escola, na c\u00e2mara e na r\u00e1dio, com uma excelente entrevista sobre a pauta animalista. Parab\u00e9ns pela iniciativa e obrigado ao amigo Garibaldinho, grande ativista da causa animal na cidade e que nos deu todo suporte necess\u00e1rio. Fico feliz em ver o crescimento dos direitos dos animais nos munic\u00edpios como foi hoje em Currais Novos, pois essa \u00e9 a nossa miss\u00e3o, vamos em frente\u201d, destacou Anderson.<\/p>\n<p style=\"text-align: justify;\">Siga o Instagram do Blog @blogdoedvaldomagalhaes<\/p>\n\n\n<figure class=\"wp-block-image size-large\"><img loading=\"lazy\" decoding=\"async\" width=\"1024\" height=\"768\" src=\"https:\/\/blogdoedvaldomagalhaes.com.br\/wp-content\/uploads\/2022\/12\/IMG-20221215-WA0013-1024x768.jpg\" alt=\"\" class=\"wp-image-90864\" srcset=\"https:\/\/blogdoedvaldomagalhaes.com.br\/wp-content\/uploads\/2022\/12\/IMG-20221215-WA0013-1024x768.jpg 1024w, https:\/\/blogdoedvaldomagalhaes.com.br\/wp-content\/uploads\/2022\/12\/IMG-20221215-WA0013-300x225.jpg 300w, https:\/\/blogdoedvaldomagalhaes.com.br\/wp-content\/uploads\/2022\/12\/IMG-20221215-WA0013-768x576.jpg 768w, https:\/\/blogdoedvaldomagalhaes.com.br\/wp-content\/uploads\/2022\/12\/IMG-20221215-WA0013-160x120.jpg 160w, https:\/\/blogdoedvaldomagalhaes.com.br\/wp-content\/uploads\/2022\/12\/IMG-20221215-WA0013.jpg 1280w\" sizes=\"auto, (max-width: 1024px) 100vw, 1024px\" \/><figcaption>Fotos: Divulga\u00e7\u00e3o <\/figcaption><\/figure>\n","protected":false},"excerpt":{"rendered":"<p>A convite do Conselho Municipal de Prote\u00e7\u00e3o e Defesa Animal de Currais Novos, munic\u00edpio do Rio Grande do Norte, localizado&hellip;<\/p>\n","protected":false},"author":1,"featured_media":90863,"comment_status":"closed","ping_status":"open","sticky":false,"template":"","format":"standard","meta":{"footnotes":""},"categories":[14122],"tags":[26313,2,19532,3406],"class_list":["post-90862","post","type-post","status-publish","format-standard","has-post-thumbnail","hentry","category-politica","tag-anderson-correia-cumpre-agenda-com-pauta-animalista-em-currais-novos-rn","tag-blog-do-edvaldo-magalhaes","tag-blog-mais-acessado-e-visualizado-de-caruaru-e-regiao","tag-caruaru"],"_links":{"self":[{"href":"https:\/\/blogdoedvaldomagalhaes.com.br\/index.php\/wp-json\/wp\/v2\/posts\/90862","targetHints":{"allow":["GET"]}}],"collection":[{"href":"https:\/\/blogdoedvaldomagalhaes.com.br\/index.php\/wp-json\/wp\/v2\/posts"}],"about":[{"href":"https:\/\/blogdoedvaldomagalhaes.com.br\/index.php\/wp-json\/wp\/v2\/types\/post"}],"author":[{"embeddable":true,"href":"https:\/\/blogdoedvaldomagalhaes.com.br\/index.php\/wp-json\/wp\/v2\/users\/1"}],"replies":[{"embeddable":true,"href":"https:\/\/blogdoedvaldomagalhaes.com.br\/index.php\/wp-json\/wp\/v2\/comments?post=90862"}],"version-history":[{"count":1,"href":"https:\/\/blogdoedvaldomagalhaes.com.br\/index.php\/wp-json\/wp\/v2\/posts\/90862\/revisions"}],"predecessor-version":[{"id":90865,"href":"https:\/\/blogdoedvaldomagalhaes.com.br\/index.php\/wp-json\/wp\/v2\/posts\/90862\/revisions\/90865"}],"wp:featuredmedia":[{"embeddable":true,"href":"https:\/\/blogdoedvaldomagalhaes.com.br\/index.php\/wp-json\/wp\/v2\/media\/90863"}],"wp:attachment":[{"href":"https:\/\/blogdoedvaldomagalhaes.com.br\/index.php\/wp-json\/wp\/v2\/media?parent=90862"}],"wp:term":[{"taxonomy":"category","embeddable":true,"href":"https:\/\/blogdoedvaldomagalhaes.com.br\/index.php\/wp-json\/wp\/v2\/categories?post=90862"},{"taxonomy":"post_tag","embeddable":true,"href":"https:\/\/blogdoedvaldomagalhaes.com.br\/index.php\/wp-json\/wp\/v2\/tags?post=90862"}],"curies":[{"name":"wp","href":"https:\/\/api.w.org\/{rel}","templated":true}]}}