{"id":90858,"date":"2022-12-15T08:47:50","date_gmt":"2022-12-15T11:47:50","guid":{"rendered":"https:\/\/blogdoedvaldomagalhaes.com.br\/?p=90858"},"modified":"2022-12-15T08:47:51","modified_gmt":"2022-12-15T11:47:51","slug":"quatro-sao-detidos-por-crime-ambiental-em-limoeiro","status":"publish","type":"post","link":"https:\/\/blogdoedvaldomagalhaes.com.br\/index.php\/2022\/12\/15\/quatro-sao-detidos-por-crime-ambiental-em-limoeiro\/","title":{"rendered":"Quatro s\u00e3o detidos por crime ambiental em Limoeiro"},"content":{"rendered":"<p style=\"text-align: justify;\"><span style=\"color: initial; font-size: revert;\">Quatro homens foram detidos, quarta-feira (14\/12), em Limoeiro, por crime ambiental. Policiais militares da Cipoma cumpriram ordem de servi\u00e7o e flagraram o grupo infrigindo a Lei 9.605\/98 nos artigos 55 e 60.<\/span><\/p>\n<p style=\"text-align: justify;\">Os infratores estavam realizando um servi\u00e7o de extra\u00e7\u00e3o de min\u00e9rio e terraplanagem sem estarem de posse das devidas licen\u00e7as ambientais competentes. Todos foram encaminhados, juntamente com ve\u00edculos e equipamentos apreendidos, para a Delegacia de Pol\u00edcia Civil da cidade, para a tomada das provid\u00eancias legais.<\/p>\n<p style=\"text-align: justify;\">Siga o Instagram do Blog @blogdoedvaldomagalhaes<\/p>\n\n\n<figure class=\"wp-block-image size-large\"><img loading=\"lazy\" decoding=\"async\" width=\"1024\" height=\"576\" src=\"https:\/\/blogdoedvaldomagalhaes.com.br\/wp-content\/uploads\/2022\/12\/IMG-20221215-WA0009-1024x576.jpg\" alt=\"\" class=\"wp-image-90860\" srcset=\"https:\/\/blogdoedvaldomagalhaes.com.br\/wp-content\/uploads\/2022\/12\/IMG-20221215-WA0009-1024x576.jpg 1024w, https:\/\/blogdoedvaldomagalhaes.com.br\/wp-content\/uploads\/2022\/12\/IMG-20221215-WA0009-300x169.jpg 300w, https:\/\/blogdoedvaldomagalhaes.com.br\/wp-content\/uploads\/2022\/12\/IMG-20221215-WA0009-768x432.jpg 768w, https:\/\/blogdoedvaldomagalhaes.com.br\/wp-content\/uploads\/2022\/12\/IMG-20221215-WA0009-1140x641.jpg 1140w, https:\/\/blogdoedvaldomagalhaes.com.br\/wp-content\/uploads\/2022\/12\/IMG-20221215-WA0009-720x405.jpg 720w, https:\/\/blogdoedvaldomagalhaes.com.br\/wp-content\/uploads\/2022\/12\/IMG-20221215-WA0009.jpg 1280w\" sizes=\"auto, (max-width: 1024px) 100vw, 1024px\" \/><figcaption>Fotos: Divulga\u00e7\u00e3o\/PMPE <\/figcaption><\/figure>\n","protected":false},"excerpt":{"rendered":"<p>Quatro homens foram detidos, quarta-feira (14\/12), em Limoeiro, por crime ambiental. Policiais militares da Cipoma cumpriram ordem de servi\u00e7o e&hellip;<\/p>\n","protected":false},"author":1,"featured_media":90859,"comment_status":"closed","ping_status":"open","sticky":false,"template":"","format":"standard","meta":{"footnotes":""},"categories":[14121],"tags":[2,19532,3406,26312],"class_list":["post-90858","post","type-post","status-publish","format-standard","has-post-thumbnail","hentry","category-policial","tag-blog-do-edvaldo-magalhaes","tag-blog-mais-acessado-e-visualizado-de-caruaru-e-regiao","tag-caruaru","tag-quatro-sao-detidos-por-crime-ambiental-em-limoeiro"],"_links":{"self":[{"href":"https:\/\/blogdoedvaldomagalhaes.com.br\/index.php\/wp-json\/wp\/v2\/posts\/90858","targetHints":{"allow":["GET"]}}],"collection":[{"href":"https:\/\/blogdoedvaldomagalhaes.com.br\/index.php\/wp-json\/wp\/v2\/posts"}],"about":[{"href":"https:\/\/blogdoedvaldomagalhaes.com.br\/index.php\/wp-json\/wp\/v2\/types\/post"}],"author":[{"embeddable":true,"href":"https:\/\/blogdoedvaldomagalhaes.com.br\/index.php\/wp-json\/wp\/v2\/users\/1"}],"replies":[{"embeddable":true,"href":"https:\/\/blogdoedvaldomagalhaes.com.br\/index.php\/wp-json\/wp\/v2\/comments?post=90858"}],"version-history":[{"count":1,"href":"https:\/\/blogdoedvaldomagalhaes.com.br\/index.php\/wp-json\/wp\/v2\/posts\/90858\/revisions"}],"predecessor-version":[{"id":90861,"href":"https:\/\/blogdoedvaldomagalhaes.com.br\/index.php\/wp-json\/wp\/v2\/posts\/90858\/revisions\/90861"}],"wp:featuredmedia":[{"embeddable":true,"href":"https:\/\/blogdoedvaldomagalhaes.com.br\/index.php\/wp-json\/wp\/v2\/media\/90859"}],"wp:attachment":[{"href":"https:\/\/blogdoedvaldomagalhaes.com.br\/index.php\/wp-json\/wp\/v2\/media?parent=90858"}],"wp:term":[{"taxonomy":"category","embeddable":true,"href":"https:\/\/blogdoedvaldomagalhaes.com.br\/index.php\/wp-json\/wp\/v2\/categories?post=90858"},{"taxonomy":"post_tag","embeddable":true,"href":"https:\/\/blogdoedvaldomagalhaes.com.br\/index.php\/wp-json\/wp\/v2\/tags?post=90858"}],"curies":[{"name":"wp","href":"https:\/\/api.w.org\/{rel}","templated":true}]}}