{"id":90854,"date":"2022-12-14T22:40:23","date_gmt":"2022-12-15T01:40:23","guid":{"rendered":"https:\/\/blogdoedvaldomagalhaes.com.br\/?p=90854"},"modified":"2022-12-14T22:40:24","modified_gmt":"2022-12-15T01:40:24","slug":"prefeito-de-caruaru-rodrigo-pinheiro-recebe-homenagem-da-prf","status":"publish","type":"post","link":"https:\/\/blogdoedvaldomagalhaes.com.br\/index.php\/2022\/12\/14\/prefeito-de-caruaru-rodrigo-pinheiro-recebe-homenagem-da-prf\/","title":{"rendered":"Prefeito de Caruaru, Rodrigo Pinheiro, recebe homenagem da PRF"},"content":{"rendered":"<p style=\"text-align: justify;\"><span style=\"color: initial; font-size: revert;\">Na tarde desta quarta-feira (14), a Pol\u00edcia Rodovi\u00e1ria Federal (PRF) realizou uma homenagem, com entrega de certificados, em forma de agradecimento pelos servi\u00e7os prestados nas a\u00e7\u00f5es integradas com a Prefeitura de Caruaru.<\/span><\/p>\n<p style=\"text-align: justify;\">Al\u00e9m do prefeito Rodrigo Pinheiro, alguns secret\u00e1rios do munic\u00edpio foram homenageados, dentre eles: o procurador Geral do Munic\u00edpio, Dimitre Bezerra; o comandante da Guarda Municipal, Carmelo Chalegre; o presidente da AMTTC, Coronel Edson Nobrega; o presidente da URB, Francisco Batista; o secret\u00e1rio de Ordem P\u00fablica, Coronel Patr\u00edcio Filho; o secret\u00e1rio de Governo, Lino Portela; o secret\u00e1rio de Servi\u00e7os P\u00fablicos, Manoel Norato e a secret\u00e1ria de Administra\u00e7\u00e3o, Michely Martins.<\/p>\n<p style=\"text-align: justify;\">O encontro, que foi marcado pelo agradecimento da parceria institucional entre a prefeitura de Caruaru e a PRF, celebrou tamb\u00e9m o Acordo de Coopera\u00e7\u00e3o T\u00e9cnica (ACT), o qual a PRF disponibiliza no campo tecnol\u00f3gico sistemas de Boletim de Tr\u00e2nsito, Declara\u00e7\u00e3o de Tr\u00e2nsito e Boletim de Ocorr\u00eancia informatizados, bem como tratativas de outros ACT&#8217;s em andamento. \u201cEssa novidade facilitar\u00e1 para a popula\u00e7\u00e3o, vai diminuir o tempo de resolu\u00e7\u00e3o tornando mais \u00e1gil o servi\u00e7o. Agradecemos ao prefeito e a todas as secretarias, em especial a SECOP e AMTTC, pelas a\u00e7\u00f5es integradas que realizamos no decorrer do ano\u201d, comentou o inspetor da PRF, Gilsomar Fabiano.<\/p>\n<p style=\"text-align: justify;\">&#8220;Esse sistema ter\u00e1 custo zero para Caruaru, n\u00f3s temos essa miss\u00e3o de seguran\u00e7a, nosso trabalho ser\u00e1 sempre em conjunto com as for\u00e7as de seguran\u00e7a e o munic\u00edpio. Venho agradecendo o apoio da prefeitura com o sentimento de dever cumprido&#8221;, disse o superintendente da PRF, Ant\u00f4nio Vital Junior.<\/p>\n<p style=\"text-align: justify;\">\u201cA PRF \u00e9 um grande parceiro da prefeitura, tem cadeira cativa no Juntos Pela Seguran\u00e7a, \u00e9 uma honra est\u00e1 recebendo essa homenagem. Temos muito o que comemorar esse ano, sabendo que 2023 ser\u00e1 bem melhor&#8221;, reiterando a import\u00e2ncia das a\u00e7\u00f5es integradas, disse o prefeito de Caruaru, Rodrigo Pinheiro.<\/p>\n<p style=\"text-align: justify;\">Siga o Instagram do Blog @blogdoedvaldomagalhaes<\/p>\n\n\n<figure class=\"wp-block-image size-large\"><img loading=\"lazy\" decoding=\"async\" width=\"1024\" height=\"682\" src=\"https:\/\/blogdoedvaldomagalhaes.com.br\/wp-content\/uploads\/2022\/12\/IMG-20221214-WA0096-1024x682.jpg\" alt=\"\" class=\"wp-image-90856\" srcset=\"https:\/\/blogdoedvaldomagalhaes.com.br\/wp-content\/uploads\/2022\/12\/IMG-20221214-WA0096-1024x682.jpg 1024w, https:\/\/blogdoedvaldomagalhaes.com.br\/wp-content\/uploads\/2022\/12\/IMG-20221214-WA0096-300x200.jpg 300w, https:\/\/blogdoedvaldomagalhaes.com.br\/wp-content\/uploads\/2022\/12\/IMG-20221214-WA0096-768x512.jpg 768w, https:\/\/blogdoedvaldomagalhaes.com.br\/wp-content\/uploads\/2022\/12\/IMG-20221214-WA0096.jpg 1280w\" sizes=\"auto, (max-width: 1024px) 100vw, 1024px\" \/><figcaption>Fotos: Jorge Farias <\/figcaption><\/figure>\n","protected":false},"excerpt":{"rendered":"<p>Na tarde desta quarta-feira (14), a Pol\u00edcia Rodovi\u00e1ria Federal (PRF) realizou uma homenagem, com entrega de certificados, em forma de&hellip;<\/p>\n","protected":false},"author":1,"featured_media":90855,"comment_status":"closed","ping_status":"open","sticky":false,"template":"","format":"standard","meta":{"footnotes":""},"categories":[14122],"tags":[2,19532,3406,20,26311],"class_list":["post-90854","post","type-post","status-publish","format-standard","has-post-thumbnail","hentry","category-politica","tag-blog-do-edvaldo-magalhaes","tag-blog-mais-acessado-e-visualizado-de-caruaru-e-regiao","tag-caruaru","tag-politica","tag-prefeito-de-caruaru-rodrigo-pinheiro-recebe-homenagem-da-prf"],"_links":{"self":[{"href":"https:\/\/blogdoedvaldomagalhaes.com.br\/index.php\/wp-json\/wp\/v2\/posts\/90854","targetHints":{"allow":["GET"]}}],"collection":[{"href":"https:\/\/blogdoedvaldomagalhaes.com.br\/index.php\/wp-json\/wp\/v2\/posts"}],"about":[{"href":"https:\/\/blogdoedvaldomagalhaes.com.br\/index.php\/wp-json\/wp\/v2\/types\/post"}],"author":[{"embeddable":true,"href":"https:\/\/blogdoedvaldomagalhaes.com.br\/index.php\/wp-json\/wp\/v2\/users\/1"}],"replies":[{"embeddable":true,"href":"https:\/\/blogdoedvaldomagalhaes.com.br\/index.php\/wp-json\/wp\/v2\/comments?post=90854"}],"version-history":[{"count":1,"href":"https:\/\/blogdoedvaldomagalhaes.com.br\/index.php\/wp-json\/wp\/v2\/posts\/90854\/revisions"}],"predecessor-version":[{"id":90857,"href":"https:\/\/blogdoedvaldomagalhaes.com.br\/index.php\/wp-json\/wp\/v2\/posts\/90854\/revisions\/90857"}],"wp:featuredmedia":[{"embeddable":true,"href":"https:\/\/blogdoedvaldomagalhaes.com.br\/index.php\/wp-json\/wp\/v2\/media\/90855"}],"wp:attachment":[{"href":"https:\/\/blogdoedvaldomagalhaes.com.br\/index.php\/wp-json\/wp\/v2\/media?parent=90854"}],"wp:term":[{"taxonomy":"category","embeddable":true,"href":"https:\/\/blogdoedvaldomagalhaes.com.br\/index.php\/wp-json\/wp\/v2\/categories?post=90854"},{"taxonomy":"post_tag","embeddable":true,"href":"https:\/\/blogdoedvaldomagalhaes.com.br\/index.php\/wp-json\/wp\/v2\/tags?post=90854"}],"curies":[{"name":"wp","href":"https:\/\/api.w.org\/{rel}","templated":true}]}}