{"id":90847,"date":"2022-12-14T21:11:49","date_gmt":"2022-12-15T00:11:49","guid":{"rendered":"https:\/\/blogdoedvaldomagalhaes.com.br\/?p=90847"},"modified":"2022-12-14T21:11:50","modified_gmt":"2022-12-15T00:11:50","slug":"policia-civil-prende-assaltantes-de-estabelecimentos-comerciais-em-caruaru","status":"publish","type":"post","link":"https:\/\/blogdoedvaldomagalhaes.com.br\/index.php\/2022\/12\/14\/policia-civil-prende-assaltantes-de-estabelecimentos-comerciais-em-caruaru\/","title":{"rendered":"Pol\u00edcia Civil prende assaltantes de estabelecimentos comerciais em Caruaru"},"content":{"rendered":"<p style=\"text-align: justify;\">Tr\u00eas indiv\u00edduos foram presos nesta quarta-feira (14), em Caruaru, durante uma opera\u00e7\u00e3o conjunta realizada por policiais civis de Pernambuco, Rio Grande do Norte e Mato Grosso. As investiga\u00e7\u00f5es apontam que a quadrilha praticou diversos roubos de grande porte nos \u00faltimos meses em Caruaru, como um posto de combust\u00edvel e outros estabelecimentos comerciais.<\/p>\n<p style=\"text-align: justify;\">Durante a a\u00e7\u00e3o foram presos em flagrante tr\u00eas homens de 32, 36 e 37 anos. Tamb\u00e9m foram cumpridos v\u00e1rios mandados de pris\u00e3o que estavam em aberto contra eles. Imagens: Divulga\u00e7\u00e3o\/PC.<\/p>\n<p style=\"text-align: justify;\">Siga o Instagram do Blog @blogdoedvaldomagalhaes<\/p>\n","protected":false},"excerpt":{"rendered":"<p>Tr\u00eas indiv\u00edduos foram presos nesta quarta-feira (14), em Caruaru, durante uma opera\u00e7\u00e3o conjunta realizada por policiais civis de Pernambuco, Rio&hellip;<\/p>\n","protected":false},"author":1,"featured_media":90848,"comment_status":"closed","ping_status":"open","sticky":false,"template":"","format":"standard","meta":{"footnotes":""},"categories":[14121],"tags":[2,19532,3406,26308],"class_list":["post-90847","post","type-post","status-publish","format-standard","has-post-thumbnail","hentry","category-policial","tag-blog-do-edvaldo-magalhaes","tag-blog-mais-acessado-e-visualizado-de-caruaru-e-regiao","tag-caruaru","tag-policia-civil-prende-assaltantes-de-estabelecimentos-comerciais-em-caruaru"],"_links":{"self":[{"href":"https:\/\/blogdoedvaldomagalhaes.com.br\/index.php\/wp-json\/wp\/v2\/posts\/90847","targetHints":{"allow":["GET"]}}],"collection":[{"href":"https:\/\/blogdoedvaldomagalhaes.com.br\/index.php\/wp-json\/wp\/v2\/posts"}],"about":[{"href":"https:\/\/blogdoedvaldomagalhaes.com.br\/index.php\/wp-json\/wp\/v2\/types\/post"}],"author":[{"embeddable":true,"href":"https:\/\/blogdoedvaldomagalhaes.com.br\/index.php\/wp-json\/wp\/v2\/users\/1"}],"replies":[{"embeddable":true,"href":"https:\/\/blogdoedvaldomagalhaes.com.br\/index.php\/wp-json\/wp\/v2\/comments?post=90847"}],"version-history":[{"count":1,"href":"https:\/\/blogdoedvaldomagalhaes.com.br\/index.php\/wp-json\/wp\/v2\/posts\/90847\/revisions"}],"predecessor-version":[{"id":90849,"href":"https:\/\/blogdoedvaldomagalhaes.com.br\/index.php\/wp-json\/wp\/v2\/posts\/90847\/revisions\/90849"}],"wp:featuredmedia":[{"embeddable":true,"href":"https:\/\/blogdoedvaldomagalhaes.com.br\/index.php\/wp-json\/wp\/v2\/media\/90848"}],"wp:attachment":[{"href":"https:\/\/blogdoedvaldomagalhaes.com.br\/index.php\/wp-json\/wp\/v2\/media?parent=90847"}],"wp:term":[{"taxonomy":"category","embeddable":true,"href":"https:\/\/blogdoedvaldomagalhaes.com.br\/index.php\/wp-json\/wp\/v2\/categories?post=90847"},{"taxonomy":"post_tag","embeddable":true,"href":"https:\/\/blogdoedvaldomagalhaes.com.br\/index.php\/wp-json\/wp\/v2\/tags?post=90847"}],"curies":[{"name":"wp","href":"https:\/\/api.w.org\/{rel}","templated":true}]}}