{"id":90843,"date":"2022-12-14T19:18:12","date_gmt":"2022-12-14T22:18:12","guid":{"rendered":"https:\/\/blogdoedvaldomagalhaes.com.br\/?p=90843"},"modified":"2022-12-14T19:18:13","modified_gmt":"2022-12-14T22:18:13","slug":"secretario-de-cultura-e-turismo-de-agrestina-e-premiado-como-pessoa-amiga-do-turismo-no-3-premio-pernambucano-de-turismo","status":"publish","type":"post","link":"https:\/\/blogdoedvaldomagalhaes.com.br\/index.php\/2022\/12\/14\/secretario-de-cultura-e-turismo-de-agrestina-e-premiado-como-pessoa-amiga-do-turismo-no-3-premio-pernambucano-de-turismo\/","title":{"rendered":"Secret\u00e1rio de Cultura e Turismo de Agrestina \u00e9 premiado como \u201cPessoa amiga do Turismo\u201d no 3\u00b0 Pr\u00eamio Pernambucano de Turismo"},"content":{"rendered":"<p style=\"text-align: justify;\"><span style=\"font-size: revert; color: initial;\">Agrestina esteve representada, atrav\u00e9s do secret\u00e1rio municipal de Cultura e Turismo, Josenildo Santos, no 3\u00b0 Pr\u00eamio Pernambucano de Turismo. A cerim\u00f4nia de premia\u00e7\u00e3o aconteceu no dia 12 de dezembro, no Centro Cultural Cais do Sert\u00e3o, na capital pernambucana.<\/span><\/p>\n<p style=\"text-align: justify;\">O pr\u00eamio \u00e9 uma iniciativa da Secretaria de Turismo e Lazer (Setur-PE) e Empetur, com o objetivo de premiar as iniciativas, projetos ou a\u00e7\u00f5es pernambucanas que se destacam como casos de sucesso, em diversas categorias de Turismo.<\/p>\n<p style=\"text-align: justify;\">A premia\u00e7\u00e3o contou com 108 inscri\u00e7\u00f5es e 106 profissionais e empresas, habilitadas em dez categorias, a exemplo da categoria \u201cPessoa amiga do Turismo\u201d, na qual o secret\u00e1rio de Cultura e Turismo, Josenildo Santos, foi premiado.<\/p>\n<p style=\"text-align: justify;\">O gestor p\u00fablico recebeu o pr\u00eamio das m\u00e3os da secret\u00e1ria de Turismo e Lazer de Pernambuco, Milu Megale. O destaque foi para sua atua\u00e7\u00e3o na gest\u00e3o p\u00fablica, e em iniciativas pioneiras como a cria\u00e7\u00e3o da \u201cRegi\u00e3o Tur\u00edstica Encantos do Agreste\u201d, e projetos como o 1\u00b0 Fantour presencial do Estado, uma importante experi\u00eancia criativa realizada no agreste pernambucano p\u00f3s pandemia.<\/p>\n<p style=\"text-align: justify;\">Siga o Instagram do Blog @blogdoedvaldomagalhaes<\/p>\n\n\n<figure class=\"wp-block-image size-full\"><img loading=\"lazy\" decoding=\"async\" width=\"900\" height=\"600\" src=\"https:\/\/blogdoedvaldomagalhaes.com.br\/wp-content\/uploads\/2022\/12\/IMG-20221214-WA0077.jpg\" alt=\"\" class=\"wp-image-90845\" srcset=\"https:\/\/blogdoedvaldomagalhaes.com.br\/wp-content\/uploads\/2022\/12\/IMG-20221214-WA0077.jpg 900w, https:\/\/blogdoedvaldomagalhaes.com.br\/wp-content\/uploads\/2022\/12\/IMG-20221214-WA0077-300x200.jpg 300w, https:\/\/blogdoedvaldomagalhaes.com.br\/wp-content\/uploads\/2022\/12\/IMG-20221214-WA0077-768x512.jpg 768w\" sizes=\"auto, (max-width: 900px) 100vw, 900px\" \/><figcaption>Fotos: Divulga\u00e7\u00e3o <\/figcaption><\/figure>\n","protected":false},"excerpt":{"rendered":"<p>Agrestina esteve representada, atrav\u00e9s do secret\u00e1rio municipal de Cultura e Turismo, Josenildo Santos, no 3\u00b0 Pr\u00eamio Pernambucano de Turismo. A&hellip;<\/p>\n","protected":false},"author":1,"featured_media":90844,"comment_status":"closed","ping_status":"open","sticky":false,"template":"","format":"standard","meta":{"footnotes":""},"categories":[14120],"tags":[2,19532,3406,26307],"class_list":["post-90843","post","type-post","status-publish","format-standard","has-post-thumbnail","hentry","category-noticias","tag-blog-do-edvaldo-magalhaes","tag-blog-mais-acessado-e-visualizado-de-caruaru-e-regiao","tag-caruaru","tag-secretario-de-cultura-e-turismo-de-agrestina-e-premiado-como-pessoa-amiga-do-turismo-no-3-premio-pernambucano-de-turismo"],"_links":{"self":[{"href":"https:\/\/blogdoedvaldomagalhaes.com.br\/index.php\/wp-json\/wp\/v2\/posts\/90843","targetHints":{"allow":["GET"]}}],"collection":[{"href":"https:\/\/blogdoedvaldomagalhaes.com.br\/index.php\/wp-json\/wp\/v2\/posts"}],"about":[{"href":"https:\/\/blogdoedvaldomagalhaes.com.br\/index.php\/wp-json\/wp\/v2\/types\/post"}],"author":[{"embeddable":true,"href":"https:\/\/blogdoedvaldomagalhaes.com.br\/index.php\/wp-json\/wp\/v2\/users\/1"}],"replies":[{"embeddable":true,"href":"https:\/\/blogdoedvaldomagalhaes.com.br\/index.php\/wp-json\/wp\/v2\/comments?post=90843"}],"version-history":[{"count":1,"href":"https:\/\/blogdoedvaldomagalhaes.com.br\/index.php\/wp-json\/wp\/v2\/posts\/90843\/revisions"}],"predecessor-version":[{"id":90846,"href":"https:\/\/blogdoedvaldomagalhaes.com.br\/index.php\/wp-json\/wp\/v2\/posts\/90843\/revisions\/90846"}],"wp:featuredmedia":[{"embeddable":true,"href":"https:\/\/blogdoedvaldomagalhaes.com.br\/index.php\/wp-json\/wp\/v2\/media\/90844"}],"wp:attachment":[{"href":"https:\/\/blogdoedvaldomagalhaes.com.br\/index.php\/wp-json\/wp\/v2\/media?parent=90843"}],"wp:term":[{"taxonomy":"category","embeddable":true,"href":"https:\/\/blogdoedvaldomagalhaes.com.br\/index.php\/wp-json\/wp\/v2\/categories?post=90843"},{"taxonomy":"post_tag","embeddable":true,"href":"https:\/\/blogdoedvaldomagalhaes.com.br\/index.php\/wp-json\/wp\/v2\/tags?post=90843"}],"curies":[{"name":"wp","href":"https:\/\/api.w.org\/{rel}","templated":true}]}}