{"id":90840,"date":"2022-12-14T17:35:00","date_gmt":"2022-12-14T20:35:00","guid":{"rendered":"https:\/\/blogdoedvaldomagalhaes.com.br\/?p=90840"},"modified":"2022-12-14T17:41:45","modified_gmt":"2022-12-14T20:41:45","slug":"prf-inicia-operacao-rodovida-22-23-nesta-quinta-feira-15","status":"publish","type":"post","link":"https:\/\/blogdoedvaldomagalhaes.com.br\/index.php\/2022\/12\/14\/prf-inicia-operacao-rodovida-22-23-nesta-quinta-feira-15\/","title":{"rendered":"PRF inicia &#8220;Opera\u00e7\u00e3o Rodovida 22\/23&#8221; nesta quinta-feira (15)"},"content":{"rendered":"<p style=\"text-align: justify;\">A Pol\u00edcia Rodovi\u00e1ria Federal (PRF), por meio da Coordena\u00e7\u00e3o-Geral de Seguran\u00e7a Vi\u00e1ria, dar\u00e1 in\u00edcio \u00e0 Opera\u00e7\u00e3o RODOVIDA 22\/23 nesta quinta-feira (15).<\/p>\n<p style=\"text-align: justify;\">A Opera\u00e7\u00e3o Rodovida ocorre em raz\u00e3o do aumento do fluxo de ve\u00edculos e de passageiros nas rodovias federais, no per\u00edodo compreendido entre os dias 15\/12\/2022 e 26\/02\/2023 em fun\u00e7\u00e3o das f\u00e9rias escolares e das festividades alusivas ao Natal, R\u00e9veillon e Carnaval. As a\u00e7\u00f5es de fiscaliza\u00e7\u00e3o de tr\u00e2nsito ser\u00e3o intensificadas em todo o Brasil.<\/p>\n<p style=\"text-align: justify;\">Em Pernambuco, a PRF programa para esta quinta-feira (15) um comando de fiscaliza\u00e7\u00e3o na BR-101, km 29, em Igarassu, al\u00e9m de lan\u00e7ar a opera\u00e7\u00e3o nas Delegacias do Agreste e do Sert\u00e3o do estado. A iniciativa busca n\u00e3o s\u00f3 fiscalizar ve\u00edculos e passageiros, mas tamb\u00e9m estimular a conscientiza\u00e7\u00e3o sobre a import\u00e2ncia de boas pr\u00e1ticas no tr\u00e2nsito para a preserva\u00e7\u00e3o de vidas.<\/p>\n<p style=\"text-align: justify;\">No decorrer da Rodovida 22\/23, est\u00e3o programadas em todo o estado a\u00e7\u00f5es com foco na seguran\u00e7a vi\u00e1ria, a exemplo dos comandos de alcoolemia, ultrapassagens indevidas, uso do cinto de seguran\u00e7a, perigos do uso celular ao volante, uso da cadeirinha e dispositivos de seguran\u00e7a no transporte de crian\u00e7as, nos quais n\u00e3o podem ficar de fora as dicas e orienta\u00e7\u00f5es do Grupo de Educa\u00e7\u00e3o para o Tr\u00e2nsito.<\/p>\n<p style=\"text-align: justify;\" align=\"justify\">O Rodovida \u00e9 um programa que visa a preserva\u00e7\u00e3o de vidas, com a ess\u00eancia daquilo que a institui\u00e7\u00e3o acredita: nenhuma morte no tr\u00e2nsito \u00e9 aceit\u00e1vel e todos compartilham a responsabilidade de evit\u00e1-la. O evento que marca a abertura nacional da Pol\u00edcia Rodovi\u00e1ria Federal (PRF), por meio da Coordena\u00e7\u00e3o-Geral de Seguran\u00e7a Vi\u00e1ria, dar\u00e1 in\u00edcio \u00e0 Opera\u00e7\u00e3o RODOVIDA 22\/23 nesta quinta-feira (15). Nesta data, ser\u00e1 realizada a abertura oficial dos trabalhos em evento agendado \u00e0s 15h, no Audit\u00f3rio do complexo Sede da PRF, em Bras\u00edlia.<span style=\"font-size: revert; color: initial;\">&nbsp;Fo<\/span><span style=\"font-size: revert; color: initial;\">to: Divulga\u00e7\u00e3o\/PRF.<\/span><\/p>\n<p style=\"text-align: justify;\" align=\"justify\">\n<p style=\"text-align: justify;\" align=\"justify\">Siga o Instagram do Blog @blogdoedvaldomagalhaes<\/p>\n","protected":false},"excerpt":{"rendered":"<p>A Pol\u00edcia Rodovi\u00e1ria Federal (PRF), por meio da Coordena\u00e7\u00e3o-Geral de Seguran\u00e7a Vi\u00e1ria, dar\u00e1 in\u00edcio \u00e0 Opera\u00e7\u00e3o RODOVIDA 22\/23 nesta quinta-feira&hellip;<\/p>\n","protected":false},"author":1,"featured_media":29370,"comment_status":"closed","ping_status":"open","sticky":false,"template":"","format":"standard","meta":{"footnotes":""},"categories":[14121],"tags":[2,19532,3406,26306],"class_list":["post-90840","post","type-post","status-publish","format-standard","has-post-thumbnail","hentry","category-policial","tag-blog-do-edvaldo-magalhaes","tag-blog-mais-acessado-e-visualizado-de-caruaru-e-regiao","tag-caruaru","tag-prf-inicia-operacao-rodovida-22-23-nesta-quinta-feira-15"],"_links":{"self":[{"href":"https:\/\/blogdoedvaldomagalhaes.com.br\/index.php\/wp-json\/wp\/v2\/posts\/90840","targetHints":{"allow":["GET"]}}],"collection":[{"href":"https:\/\/blogdoedvaldomagalhaes.com.br\/index.php\/wp-json\/wp\/v2\/posts"}],"about":[{"href":"https:\/\/blogdoedvaldomagalhaes.com.br\/index.php\/wp-json\/wp\/v2\/types\/post"}],"author":[{"embeddable":true,"href":"https:\/\/blogdoedvaldomagalhaes.com.br\/index.php\/wp-json\/wp\/v2\/users\/1"}],"replies":[{"embeddable":true,"href":"https:\/\/blogdoedvaldomagalhaes.com.br\/index.php\/wp-json\/wp\/v2\/comments?post=90840"}],"version-history":[{"count":2,"href":"https:\/\/blogdoedvaldomagalhaes.com.br\/index.php\/wp-json\/wp\/v2\/posts\/90840\/revisions"}],"predecessor-version":[{"id":90842,"href":"https:\/\/blogdoedvaldomagalhaes.com.br\/index.php\/wp-json\/wp\/v2\/posts\/90840\/revisions\/90842"}],"wp:featuredmedia":[{"embeddable":true,"href":"https:\/\/blogdoedvaldomagalhaes.com.br\/index.php\/wp-json\/wp\/v2\/media\/29370"}],"wp:attachment":[{"href":"https:\/\/blogdoedvaldomagalhaes.com.br\/index.php\/wp-json\/wp\/v2\/media?parent=90840"}],"wp:term":[{"taxonomy":"category","embeddable":true,"href":"https:\/\/blogdoedvaldomagalhaes.com.br\/index.php\/wp-json\/wp\/v2\/categories?post=90840"},{"taxonomy":"post_tag","embeddable":true,"href":"https:\/\/blogdoedvaldomagalhaes.com.br\/index.php\/wp-json\/wp\/v2\/tags?post=90840"}],"curies":[{"name":"wp","href":"https:\/\/api.w.org\/{rel}","templated":true}]}}