{"id":90828,"date":"2022-12-14T11:43:05","date_gmt":"2022-12-14T14:43:05","guid":{"rendered":"https:\/\/blogdoedvaldomagalhaes.com.br\/?p=90828"},"modified":"2022-12-14T11:45:09","modified_gmt":"2022-12-14T14:45:09","slug":"jornalista-stephanie-sa-lanca-livro-de-poesia-em-caruaru","status":"publish","type":"post","link":"https:\/\/blogdoedvaldomagalhaes.com.br\/index.php\/2022\/12\/14\/jornalista-stephanie-sa-lanca-livro-de-poesia-em-caruaru\/","title":{"rendered":"Jornalista Stephanie S\u00e1 lan\u00e7a livro de poesia em Caruaru"},"content":{"rendered":"<p style=\"text-align: justify;\"><span style=\"color: initial; font-size: revert;\">Um novo livro de poesia ser\u00e1 lan\u00e7ado em Caruaru ainda em 2022. De autoria da jornalista Stephanie S\u00e1, &#8216;O amor \u00e9 uma lente de aumento&#8217; \u00e9 uma obra que re\u00fane poemas que abordam temas como amor, saudade e amizade e ser\u00e1 publicado pelo selo Alumi\u00e1, da editora Arrelique. O livro est\u00e1 dispon\u00edvel para a pr\u00e9-venda a partir desta ter\u00e7a-feira (13) e ser\u00e1 lan\u00e7ado, oficialmente, no dia 27 de dezembro.<\/span><\/p>\n<p style=\"text-align: justify;\">A produ\u00e7\u00e3o \u00e9 a primeira a ser publicada pela autora e ser\u00e1 lan\u00e7ada, inicialmente, em formato digital. &#8220;O livro re\u00fane alguns dos poemas que escrevi ao longo dos \u00faltimos anos e \u00e9 dividido em duas partes principais: amor e desamor, ent\u00e3o, al\u00e9m de tratar do lado positivo das rela\u00e7\u00f5es, traz tamb\u00e9m algumas reflex\u00f5es sobre quest\u00f5es mais dif\u00edceis, como saudade e solid\u00e3o&#8221;, conta a escritora.<\/p>\n<p style=\"text-align: justify;\">A pr\u00e9-venda est\u00e1 sendo realizada por meio do site Benfeitoria (https:\/\/benfeitoria.com\/projeto\/amorlentedeaumento) e tem a din\u00e2mica de crowdfunding para financiar os custos iniciais da publica\u00e7\u00e3o. Por meio da campanha, \u00e9 poss\u00edvel adquirir, al\u00e9m do livro, que custa R$ 13, alguns kits com brindes, como cartaz, im\u00e3, botton e cart\u00e3o postal, que contam com a ilustra\u00e7\u00e3o da capa, tamb\u00e9m desenvolvida pela autora. Al\u00e9m disso, caso as vendas atinjam a meta estendida de R$ 1500, todos os apoiadores receber\u00e3o um kit brinde, com adesivos e um poema escrito \u00e0 m\u00e3o.<\/p>\n<p style=\"text-align: justify;\">&#8220;O per\u00edodo de pr\u00e9-venda \u00e9 essencial para garantir a publica\u00e7\u00e3o do livro. Como estamos fazendo tudo de forma independente, n\u00e3o temos nenhum financiamento, nem por edital, nem por patrocinador. Toda a equipe trabalhou de forma volunt\u00e1ria e se uniu para fazer isso acontecer. Esse livro s\u00f3 \u00e9 poss\u00edvel gra\u00e7as a essas boas parcerias, com pessoas que acreditam na Literatura tanto quanto eu&#8221;, afirma Stephanie.<\/p>\n<p style=\"text-align: justify;\">O livro conta com dois pref\u00e1cios, assinados pelas jornalistas Elaine Dias e Sarah Coutinho. O lan\u00e7amento oficial, no dia 27, acontecer\u00e1 na confeitaria Negro Brownie, a partir das 20h, e ser\u00e1 aberto ao p\u00fablico. Foto: Divulga\u00e7\u00e3o.<\/p>\n<p style=\"text-align: justify;\">Siga o Instagram do Blog @blogdoedvaldomagalhaes<\/p>\n\n\n<figure class=\"wp-block-image size-large\"><img loading=\"lazy\" decoding=\"async\" width=\"1024\" height=\"568\" src=\"https:\/\/blogdoedvaldomagalhaes.com.br\/wp-content\/uploads\/2022\/12\/IMG-20221214-WA0044-1024x568.jpg\" alt=\"\" class=\"wp-image-90832\" srcset=\"https:\/\/blogdoedvaldomagalhaes.com.br\/wp-content\/uploads\/2022\/12\/IMG-20221214-WA0044-1024x568.jpg 1024w, https:\/\/blogdoedvaldomagalhaes.com.br\/wp-content\/uploads\/2022\/12\/IMG-20221214-WA0044-300x166.jpg 300w, https:\/\/blogdoedvaldomagalhaes.com.br\/wp-content\/uploads\/2022\/12\/IMG-20221214-WA0044-768x426.jpg 768w, https:\/\/blogdoedvaldomagalhaes.com.br\/wp-content\/uploads\/2022\/12\/IMG-20221214-WA0044.jpg 1280w\" sizes=\"auto, (max-width: 1024px) 100vw, 1024px\" \/><\/figure>\n","protected":false},"excerpt":{"rendered":"<p>Um novo livro de poesia ser\u00e1 lan\u00e7ado em Caruaru ainda em 2022. De autoria da jornalista Stephanie S\u00e1, &#8216;O amor&hellip;<\/p>\n","protected":false},"author":1,"featured_media":90830,"comment_status":"closed","ping_status":"open","sticky":false,"template":"","format":"standard","meta":{"footnotes":""},"categories":[14120],"tags":[2,19532,3406,26304],"class_list":["post-90828","post","type-post","status-publish","format-standard","has-post-thumbnail","hentry","category-noticias","tag-blog-do-edvaldo-magalhaes","tag-blog-mais-acessado-e-visualizado-de-caruaru-e-regiao","tag-caruaru","tag-jornalista-stephanie-sa-lanca-livro-de-poesia-em-caruaru"],"_links":{"self":[{"href":"https:\/\/blogdoedvaldomagalhaes.com.br\/index.php\/wp-json\/wp\/v2\/posts\/90828","targetHints":{"allow":["GET"]}}],"collection":[{"href":"https:\/\/blogdoedvaldomagalhaes.com.br\/index.php\/wp-json\/wp\/v2\/posts"}],"about":[{"href":"https:\/\/blogdoedvaldomagalhaes.com.br\/index.php\/wp-json\/wp\/v2\/types\/post"}],"author":[{"embeddable":true,"href":"https:\/\/blogdoedvaldomagalhaes.com.br\/index.php\/wp-json\/wp\/v2\/users\/1"}],"replies":[{"embeddable":true,"href":"https:\/\/blogdoedvaldomagalhaes.com.br\/index.php\/wp-json\/wp\/v2\/comments?post=90828"}],"version-history":[{"count":2,"href":"https:\/\/blogdoedvaldomagalhaes.com.br\/index.php\/wp-json\/wp\/v2\/posts\/90828\/revisions"}],"predecessor-version":[{"id":90833,"href":"https:\/\/blogdoedvaldomagalhaes.com.br\/index.php\/wp-json\/wp\/v2\/posts\/90828\/revisions\/90833"}],"wp:featuredmedia":[{"embeddable":true,"href":"https:\/\/blogdoedvaldomagalhaes.com.br\/index.php\/wp-json\/wp\/v2\/media\/90830"}],"wp:attachment":[{"href":"https:\/\/blogdoedvaldomagalhaes.com.br\/index.php\/wp-json\/wp\/v2\/media?parent=90828"}],"wp:term":[{"taxonomy":"category","embeddable":true,"href":"https:\/\/blogdoedvaldomagalhaes.com.br\/index.php\/wp-json\/wp\/v2\/categories?post=90828"},{"taxonomy":"post_tag","embeddable":true,"href":"https:\/\/blogdoedvaldomagalhaes.com.br\/index.php\/wp-json\/wp\/v2\/tags?post=90828"}],"curies":[{"name":"wp","href":"https:\/\/api.w.org\/{rel}","templated":true}]}}