{"id":90820,"date":"2022-12-14T10:06:25","date_gmt":"2022-12-14T13:06:25","guid":{"rendered":"https:\/\/blogdoedvaldomagalhaes.com.br\/?p=90820"},"modified":"2022-12-14T10:15:01","modified_gmt":"2022-12-14T13:15:01","slug":"caravana-da-solidariedade-do-natal-da-lbv-faz-entrega-de-cestas-de-alimentos-em-caruaru","status":"publish","type":"post","link":"https:\/\/blogdoedvaldomagalhaes.com.br\/index.php\/2022\/12\/14\/caravana-da-solidariedade-do-natal-da-lbv-faz-entrega-de-cestas-de-alimentos-em-caruaru\/","title":{"rendered":"Caravana da Solidariedade do Natal da LBV faz entrega de cestas de alimentos em Caruaru"},"content":{"rendered":"<p style=\"text-align: justify;\"><span style=\"font-size: revert; color: initial;\">A Caravana da Solidariedade do Natal da LBV faz entrega de cestas de alimentos em Caruaru nesta quarta-feira (14\/12). S<\/span><span style=\"font-size: revert; color: initial;\">\u00e3o mais de 2 toneladas em alimentos a ser entregues para fam\u00edlias amparadas pela APAE do munic\u00edpio<\/span><\/p>\n<p style=\"text-align: justify;\">A Legi\u00e3o da Boa Vontade iniciou a entrega das cestas de alimentos n\u00e3o perec\u00edveis a milhares de fam\u00edlias em situa\u00e7\u00e3o de vulnerabilidade social e em risco alimentar em todo o pa\u00eds, por meio da tradicional campanha Natal Permanente da LBV \u2014 Jesus, o P\u00e3o Nosso de cada dia!, que nesta edi\u00e7\u00e3o tem como tema \u201cJuntos para vencer a fome!\u201d.<\/p>\n<p style=\"text-align: justify;\">A mobiliza\u00e7\u00e3o social beneficia fam\u00edlias atendidas ao longo do ano pela Institui\u00e7\u00e3o e tamb\u00e9m as assistidas por organiza\u00e7\u00f5es parceiras que s\u00e3o assessoradas pela LBV. A iniciativa, tem o objetivo de proporcionar \u00e0s fam\u00edlias um Natal digno e sem fome, continua arrecadando doa\u00e7\u00f5es de alimentos e conta com o apoio de doadores, colaboradores, volunt\u00e1rios e parceiros e a sociedade em geral.<\/p>\n<p style=\"text-align: justify;\">A Caravana da Solidariedade percorre o Estado em 14 munic\u00edpios com o menor \u00cdndice de Desenvolvimento Humano \u2013 IDH, atendendo em comunidades ind\u00edgenas, quilombolas e rurais pela iniciativa solid\u00e1ria natalina. Cada fam\u00edlia recebe uma cesta recheada de alimentos, que pesa 20 quilos e 400 gramas, para que tenham um Natal digno, sem fome e farto.<\/p>\n<p style=\"text-align: justify;\">*Nesta quarta-feira, 14 de dezembro, \u00e0s 9h, a Legi\u00e3o da Boa Vontade chega a APAE Caruaru em sua sede em Petr\u00f3polis, para entregar 2 toneladas e 40 quilos em 100 cestas de alimentos para as fam\u00edlias assistidas pela organiza\u00e7\u00e3o assessorada pela LBV em campanhas emergenciais e humanit\u00e1rias*. Em Pernambuco s\u00e3o mais de 37 toneladas em cestas de alimentos, beneficiando mais de 7 mil pessoas no Estado, gra\u00e7as a sua doa\u00e7\u00e3o, milhares de pessoas ter\u00e3o um Natal melhor e sem fome.<br>\n*A APAE est\u00e1 localizada \u00e0 Rua Alzira Vidal de Oliveira, 448 \u2013 Petr\u00f3polis*.<\/p>\n<p style=\"text-align: justify;\">A\u00e7\u00e3o solid\u00e1ria<br>\nVale ressaltar que at\u00e9 o final de dezembro\/22, ser\u00e3o entregues mais de 50 mil cestas de alimentos em mais de 250 localidades nas cinco regi\u00f5es do pa\u00eds. Ainda d\u00e1 tempo para ajudar. Basta entrar no site www.lbv.org.br ou fazer uma transfer\u00eancia banc\u00e1ria pela chave PIX: e-mail pix@lbv.org.br. Se preferir ligue para o telefone 0800 055 50 99. Para outras informa\u00e7\u00f5es acerca da entrega das doa\u00e7\u00f5es e demais a\u00e7\u00f5es realizadas pela LBV em todo o Brasil, basta acessar o endere\u00e7o @LBVBrasil no Instagram ou no Facebook.<\/p>\n\n\n<figure class=\"wp-block-image size-large\"><img loading=\"lazy\" decoding=\"async\" width=\"768\" height=\"1024\" src=\"https:\/\/blogdoedvaldomagalhaes.com.br\/wp-content\/uploads\/2022\/12\/IMG-20221214-WA0034-768x1024.jpg\" alt=\"\" class=\"wp-image-90822\" srcset=\"https:\/\/blogdoedvaldomagalhaes.com.br\/wp-content\/uploads\/2022\/12\/IMG-20221214-WA0034-768x1024.jpg 768w, https:\/\/blogdoedvaldomagalhaes.com.br\/wp-content\/uploads\/2022\/12\/IMG-20221214-WA0034-225x300.jpg 225w, https:\/\/blogdoedvaldomagalhaes.com.br\/wp-content\/uploads\/2022\/12\/IMG-20221214-WA0034.jpg 960w\" sizes=\"auto, (max-width: 768px) 100vw, 768px\" \/><\/figure>\n","protected":false},"excerpt":{"rendered":"<p>A Caravana da Solidariedade do Natal da LBV faz entrega de cestas de alimentos em Caruaru nesta quarta-feira (14\/12). S\u00e3o&hellip;<\/p>\n","protected":false},"author":1,"featured_media":90823,"comment_status":"closed","ping_status":"open","sticky":false,"template":"","format":"standard","meta":{"footnotes":""},"categories":[14120],"tags":[2,19532,26303,3406],"class_list":["post-90820","post","type-post","status-publish","format-standard","has-post-thumbnail","hentry","category-noticias","tag-blog-do-edvaldo-magalhaes","tag-blog-mais-acessado-e-visualizado-de-caruaru-e-regiao","tag-caravana-da-solidariedade-do-natal-da-lbv-faz-entrega-de-cestas-de-alimentos-em-caruaru","tag-caruaru"],"_links":{"self":[{"href":"https:\/\/blogdoedvaldomagalhaes.com.br\/index.php\/wp-json\/wp\/v2\/posts\/90820","targetHints":{"allow":["GET"]}}],"collection":[{"href":"https:\/\/blogdoedvaldomagalhaes.com.br\/index.php\/wp-json\/wp\/v2\/posts"}],"about":[{"href":"https:\/\/blogdoedvaldomagalhaes.com.br\/index.php\/wp-json\/wp\/v2\/types\/post"}],"author":[{"embeddable":true,"href":"https:\/\/blogdoedvaldomagalhaes.com.br\/index.php\/wp-json\/wp\/v2\/users\/1"}],"replies":[{"embeddable":true,"href":"https:\/\/blogdoedvaldomagalhaes.com.br\/index.php\/wp-json\/wp\/v2\/comments?post=90820"}],"version-history":[{"count":2,"href":"https:\/\/blogdoedvaldomagalhaes.com.br\/index.php\/wp-json\/wp\/v2\/posts\/90820\/revisions"}],"predecessor-version":[{"id":90825,"href":"https:\/\/blogdoedvaldomagalhaes.com.br\/index.php\/wp-json\/wp\/v2\/posts\/90820\/revisions\/90825"}],"wp:featuredmedia":[{"embeddable":true,"href":"https:\/\/blogdoedvaldomagalhaes.com.br\/index.php\/wp-json\/wp\/v2\/media\/90823"}],"wp:attachment":[{"href":"https:\/\/blogdoedvaldomagalhaes.com.br\/index.php\/wp-json\/wp\/v2\/media?parent=90820"}],"wp:term":[{"taxonomy":"category","embeddable":true,"href":"https:\/\/blogdoedvaldomagalhaes.com.br\/index.php\/wp-json\/wp\/v2\/categories?post=90820"},{"taxonomy":"post_tag","embeddable":true,"href":"https:\/\/blogdoedvaldomagalhaes.com.br\/index.php\/wp-json\/wp\/v2\/tags?post=90820"}],"curies":[{"name":"wp","href":"https:\/\/api.w.org\/{rel}","templated":true}]}}