{"id":90813,"date":"2022-12-14T09:21:53","date_gmt":"2022-12-14T12:21:53","guid":{"rendered":"https:\/\/blogdoedvaldomagalhaes.com.br\/?p=90813"},"modified":"2022-12-14T09:21:54","modified_gmt":"2022-12-14T12:21:54","slug":"confira-a-programacao-das-comemoracoes-dos-110-anos-de-luiz-gonzaga-que-segue-ate-sexta-feira-16","status":"publish","type":"post","link":"https:\/\/blogdoedvaldomagalhaes.com.br\/index.php\/2022\/12\/14\/confira-a-programacao-das-comemoracoes-dos-110-anos-de-luiz-gonzaga-que-segue-ate-sexta-feira-16\/","title":{"rendered":"Confira a programa\u00e7\u00e3o das comemora\u00e7\u00f5es dos 110 anos de Luiz Gonzaga, que segue at\u00e9 sexta-feira (16)"},"content":{"rendered":"<p style=\"text-align: justify;\"><span style=\"color: initial; font-size: revert;\">As comemora\u00e7\u00f5es dos 110 anos do Rei do Bai\u00e3o, Luiz Gonzaga, tem uma vasta programa\u00e7\u00e3o que foi montada pela Funda\u00e7\u00e3o de Cultura. Na segunda-feira (12) come\u00e7ou a Exposi\u00e7\u00e3o Viva Gonzaga, no hall da Funda\u00e7\u00e3o e que retrata a vida e hist\u00f3ria de Luiz, por meio da arte do barro, fotografias e pe\u00e7as que fizeram parte de sua trajet\u00f3ria musical. A mostra cultural ficar\u00e1 aberta ao p\u00fablico at\u00e9 sexta-feira (16), das 8h \u00e0s 17h, quando encerra a IV Semana Viva Gonzaga.<\/span><\/p>\n<p style=\"text-align: justify;\">Nessa ter\u00e7a-feira (13), data oficial do anivers\u00e1rio do Rei e tamb\u00e9m comemorado o Dia do Forr\u00f3, o P\u00e1tio de Eventos Luiz Lua Gonzaga foi palco para o tradicional Caf\u00e9 com Gonzaga, onde reuniu artistas locais, a Orquesta Saf\u00f4nica de Exu, terra natal de Gonzaga, a Orquestra do Maestro Mozart e p\u00fablico em geral. \u201cPara n\u00f3s, enquanto gestores da Funda\u00e7\u00e3o de Cultura, \u00e9 sempre uma honra realizar este tipo de comemora\u00e7\u00e3o, ainda mais quando se fala em Luiz Gonzaga e tudo que ele representa. Reunir artistas, nomes da nossa cultura local, e at\u00e9 os de fora, \u00e9 uma forma de demonstrar que a cultura nunca morre, ela permanece entre n\u00f3s\u201d, pontuou o vice-presidente da Funda\u00e7\u00e3o de Cultura, H\u00e9rlon Cavalcanti<\/p>\n<p style=\"text-align: justify;\">O momento foi de muita alegria e nostalgia. Grandes sucessos de Luiz Gonzaga fizeram parte do repert\u00f3rio da manh\u00e3, com a participa\u00e7\u00e3o de grandes nomes da cultura da cidade, como as cantoras Joana Ang\u00e9lica e Renilda Cardoso, o cantor e compositor, Onildo Almeida, entre outros.<\/p>\n<p style=\"text-align: justify;\">\u201cPlanejar e viver momentos como este, nos faz lembrar o qu\u00e3o grande \u00e9 falar de Luiz Gonzaga, quantas mem\u00f3rias nos trazem e como sua trajet\u00f3ria de vida \u00e9 importante para o legado do nosso Nordeste, bem como Caruaru, que possui tantos elementos da cultura do Rei do Bai\u00e3o\u201d, frisou o presidente da Funda\u00e7\u00e3o de Cultura, Rafael Martiniano.<\/p>\n<p style=\"text-align: justify;\">A programa\u00e7\u00e3o tem continuidade durante toda a semana, palestras, lan\u00e7amento de livro e selo dos Correios fazem parte do cronograma de atividades em homenagem aos 110 de Luiz Gonzaga.<\/p>\n<p style=\"text-align: justify;\">\u201cPrestigiar a obra e trajet\u00f3ria deste Mestre, que \u00e9 e sempre ser\u00e1 o Rei do Bai\u00e3o, \u00e9 evidenciar tudo que ele representa para n\u00f3s. Ele sem d\u00favidas foi o nordestino do s\u00e9culo e temos sempre que manter viva a hist\u00f3ria dele, resgatando cada vez mais a cultura\u201d, afirmou o prefeito de Caruaru, Rodrigo Pinheiro.<\/p>\n<p style=\"text-align: justify;\">Confira a programa\u00e7\u00e3o dos pr\u00f3ximos dias:<\/p>\n<p style=\"text-align: justify;\">14\/12 &#8211; Palestra com o compositor e Patrim\u00f4nio Vivo de Caruaru, Onildo Almeida<br \/>\nTema: Luiz Gonzaga o eterno Rei do Bai\u00e3o<br \/>\nLocal: Hall da Funda\u00e7\u00e3o de Cultura<br \/>\nHor\u00e1rio: 19h30<\/p>\n<p style=\"text-align: justify;\">15\/12 &#8211; Lan\u00e7amento do Selo dos Correios em homenagem ao Forr\u00f3<br \/>\nLocal: Hall da Funda\u00e7\u00e3o de Cultura<br \/>\nHor\u00e1rio: 19h<\/p>\n<p style=\"text-align: justify;\">Lan\u00e7amento do livro: Pernambuco em versos, conquistas e munic\u00edpios. Autor: Luiz Ferreira<br \/>\nLocal: Hall da Funda\u00e7\u00e3o de Cultura<br \/>\nHor\u00e1rio: 20h<\/p>\n<p style=\"text-align: justify;\">16\/12 &#8211; Palestra com o professor e pesquisador, Jos\u00e9 Urbano<br \/>\nTema: Luiz Gonzaga, Cidad\u00e3o de Caruaru<br \/>\nLocal: Escola de Tempo Integral Rubem de Lima \u2013 Cidade Jardim<br \/>\nHor\u00e1rio: 14h30.<\/p>\n<p style=\"text-align: justify;\">Siga o Instagram do Blog @blogdoedvaldomagalhaes<\/p>\n<p style=\"text-align: justify;\">Foto: Jorge Farias\/PMC.<\/p>\n","protected":false},"excerpt":{"rendered":"<p>As comemora\u00e7\u00f5es dos 110 anos do Rei do Bai\u00e3o, Luiz Gonzaga, tem uma vasta programa\u00e7\u00e3o que foi montada pela Funda\u00e7\u00e3o&hellip;<\/p>\n","protected":false},"author":1,"featured_media":90814,"comment_status":"closed","ping_status":"open","sticky":false,"template":"","format":"standard","meta":{"footnotes":""},"categories":[14120],"tags":[2,19532,3406,26302],"class_list":["post-90813","post","type-post","status-publish","format-standard","has-post-thumbnail","hentry","category-noticias","tag-blog-do-edvaldo-magalhaes","tag-blog-mais-acessado-e-visualizado-de-caruaru-e-regiao","tag-caruaru","tag-confira-a-programacao-das-comemoracoes-dos-110-anos-de-luiz-gonzaga-que-segue-ate-sexta-feira-16"],"_links":{"self":[{"href":"https:\/\/blogdoedvaldomagalhaes.com.br\/index.php\/wp-json\/wp\/v2\/posts\/90813","targetHints":{"allow":["GET"]}}],"collection":[{"href":"https:\/\/blogdoedvaldomagalhaes.com.br\/index.php\/wp-json\/wp\/v2\/posts"}],"about":[{"href":"https:\/\/blogdoedvaldomagalhaes.com.br\/index.php\/wp-json\/wp\/v2\/types\/post"}],"author":[{"embeddable":true,"href":"https:\/\/blogdoedvaldomagalhaes.com.br\/index.php\/wp-json\/wp\/v2\/users\/1"}],"replies":[{"embeddable":true,"href":"https:\/\/blogdoedvaldomagalhaes.com.br\/index.php\/wp-json\/wp\/v2\/comments?post=90813"}],"version-history":[{"count":1,"href":"https:\/\/blogdoedvaldomagalhaes.com.br\/index.php\/wp-json\/wp\/v2\/posts\/90813\/revisions"}],"predecessor-version":[{"id":90815,"href":"https:\/\/blogdoedvaldomagalhaes.com.br\/index.php\/wp-json\/wp\/v2\/posts\/90813\/revisions\/90815"}],"wp:featuredmedia":[{"embeddable":true,"href":"https:\/\/blogdoedvaldomagalhaes.com.br\/index.php\/wp-json\/wp\/v2\/media\/90814"}],"wp:attachment":[{"href":"https:\/\/blogdoedvaldomagalhaes.com.br\/index.php\/wp-json\/wp\/v2\/media?parent=90813"}],"wp:term":[{"taxonomy":"category","embeddable":true,"href":"https:\/\/blogdoedvaldomagalhaes.com.br\/index.php\/wp-json\/wp\/v2\/categories?post=90813"},{"taxonomy":"post_tag","embeddable":true,"href":"https:\/\/blogdoedvaldomagalhaes.com.br\/index.php\/wp-json\/wp\/v2\/tags?post=90813"}],"curies":[{"name":"wp","href":"https:\/\/api.w.org\/{rel}","templated":true}]}}