{"id":9081,"date":"2016-07-07T21:45:00","date_gmt":"2016-07-08T00:45:00","guid":{"rendered":"http:\/\/blogdoedvaldomagalhaes.com.br\/index.php\/2016\/07\/07\/ator-da-globo-morre-com-doenca-rara-e\/"},"modified":"2019-02-09T00:46:53","modified_gmt":"2019-02-09T02:46:53","slug":"ator-da-globo-morre-com-doenca-rara-e","status":"publish","type":"post","link":"https:\/\/blogdoedvaldomagalhaes.com.br\/index.php\/2016\/07\/07\/ator-da-globo-morre-com-doenca-rara-e\/","title":{"rendered":"Ator da Globo morre com doen\u00e7a rara e heredit\u00e1ria"},"content":{"rendered":"<div class=\"separator\" style=\"clear: both; text-align: center;\">\n<a href=\"https:\/\/1.bp.blogspot.com\/-EOx4WdL0SzA\/V37M67jys8I\/AAAAAAAABwE\/0XnESZN4EMYrvfTcEwDqFX7-3hcC2X1EACLcB\/s1600\/karan.jpg\" imageanchor=\"1\" style=\"margin-left: 1em; margin-right: 1em;\"><img loading=\"lazy\" decoding=\"async\" border=\"0\" height=\"300\" src=\"http:\/\/blogdoedvaldomagalhaes.com.br\/wp-content\/uploads\/2016\/07\/karan.jpg\" width=\"400\" \/><\/a><\/div>\n<p><\/p>\n<div class=\"canvas-text Mb(1.0em) Mb(0)--sm Mt(0.8em)--sm canvas-atom\" data-reactid=\".1tvqbn29v3q.$0.0.0.1.2.0.2.0.0.$Col1-0-ContentCanvas-Proxy.$Col1-0-ContentCanvas.0.4.0:$2\" data-type=\"text\" style=\"background-color: white; color: #26282a; font-size: 15px; letter-spacing: 0.01em; line-height: 24px; margin-bottom: 1em; text-align: justify;\">\nO ator Guilherme Karan faleceu na manh\u00e3 desta quinta-feira (07), aos 58 anos. O ator estava internado no &nbsp;Hospital Naval Marc\u00edlio Dias, no Rio de Janeiro, h\u00e1 cerca de dois anos, tratando a&nbsp;s\u00edndrome de Machado-Joseph, uma doen\u00e7a neurol\u00f3gica rara e heredit\u00e1ria.<\/div>\n<div class=\"canvas-text Mb(1.0em) Mb(0)--sm Mt(0.8em)--sm canvas-atom\" data-reactid=\".1tvqbn29v3q.$0.0.0.1.2.0.2.0.0.$Col1-0-ContentCanvas-Proxy.$Col1-0-ContentCanvas.0.4.0:$3\" data-type=\"text\" style=\"background-color: white; color: #26282a; font-size: 15px; letter-spacing: 0.01em; line-height: 24px; margin-bottom: 1em; text-align: justify;\">\nA m\u00e3e e dois irm\u00e3os do ator j\u00e1 haviam morrido por conta da mesma doen\u00e7a degenerativa, que faz com que as pessoas percam a capacidade motora.&nbsp;<\/div>\n<div class=\"canvas-text Mb(1.0em) Mb(0)--sm Mt(0.8em)--sm canvas-atom\" data-reactid=\".1tvqbn29v3q.$0.0.0.1.2.0.2.0.0.$Col1-0-ContentCanvas-Proxy.$Col1-0-ContentCanvas.0.4.0:$3\" data-type=\"text\" style=\"background-color: white; color: #26282a; font-size: 15px; letter-spacing: 0.01em; line-height: 24px; margin-bottom: 1em; text-align: justify;\">\nO artista iniciou sua carreira em 1984 e ganhou visibilidade ao fazer pap\u00e9is humor\u00edsticos no programa TV Pirata. Karan tamb\u00e9m atuou em novelas como Dona Beija, Explode Cora\u00e7\u00e3o, O Clone, Pecado Capital e Perigosas Peruas. No cinema fez os filmes da Xuxa. O \u00faltimo trabalho de&nbsp;Guilherme Karan&nbsp;na TV foi na&nbsp;novela \u201cAm\u00e9rica\u201d, da Rede Globo, como Geraldito, que foi ao ar em 2005.<\/div>\n","protected":false},"excerpt":{"rendered":"<p>O ator Guilherme Karan faleceu na manh\u00e3 desta quinta-feira (07), aos 58 anos. O ator estava internado no &nbsp;Hospital Naval&hellip;<\/p>\n","protected":false},"author":1,"featured_media":0,"comment_status":"open","ping_status":"open","sticky":false,"template":"","format":"standard","meta":{"footnotes":""},"categories":[1],"tags":[2,13703,13704,13705,13706,13707,13708,13709,13710,6117,13711,2862],"class_list":["post-9081","post","type-post","status-publish","format-standard","hentry","category-sem-categoria","tag-blog-do-edvaldo-magalhaes","tag-dona-beija","tag-explode-coracao","tag-guilherme-karan","tag-hospital-navar-marcilio-dias","tag-novelas","tag-o-clone","tag-pecado-capital","tag-perigosas-peruas","tag-rio-de-janeiro","tag-tv-pirata","tag-ultimas-noticias"],"_links":{"self":[{"href":"https:\/\/blogdoedvaldomagalhaes.com.br\/index.php\/wp-json\/wp\/v2\/posts\/9081","targetHints":{"allow":["GET"]}}],"collection":[{"href":"https:\/\/blogdoedvaldomagalhaes.com.br\/index.php\/wp-json\/wp\/v2\/posts"}],"about":[{"href":"https:\/\/blogdoedvaldomagalhaes.com.br\/index.php\/wp-json\/wp\/v2\/types\/post"}],"author":[{"embeddable":true,"href":"https:\/\/blogdoedvaldomagalhaes.com.br\/index.php\/wp-json\/wp\/v2\/users\/1"}],"replies":[{"embeddable":true,"href":"https:\/\/blogdoedvaldomagalhaes.com.br\/index.php\/wp-json\/wp\/v2\/comments?post=9081"}],"version-history":[{"count":1,"href":"https:\/\/blogdoedvaldomagalhaes.com.br\/index.php\/wp-json\/wp\/v2\/posts\/9081\/revisions"}],"predecessor-version":[{"id":10040,"href":"https:\/\/blogdoedvaldomagalhaes.com.br\/index.php\/wp-json\/wp\/v2\/posts\/9081\/revisions\/10040"}],"wp:attachment":[{"href":"https:\/\/blogdoedvaldomagalhaes.com.br\/index.php\/wp-json\/wp\/v2\/media?parent=9081"}],"wp:term":[{"taxonomy":"category","embeddable":true,"href":"https:\/\/blogdoedvaldomagalhaes.com.br\/index.php\/wp-json\/wp\/v2\/categories?post=9081"},{"taxonomy":"post_tag","embeddable":true,"href":"https:\/\/blogdoedvaldomagalhaes.com.br\/index.php\/wp-json\/wp\/v2\/tags?post=9081"}],"curies":[{"name":"wp","href":"https:\/\/api.w.org\/{rel}","templated":true}]}}