{"id":90804,"date":"2022-12-14T07:19:03","date_gmt":"2022-12-14T10:19:03","guid":{"rendered":"https:\/\/blogdoedvaldomagalhaes.com.br\/?p=90804"},"modified":"2022-12-14T16:55:56","modified_gmt":"2022-12-14T19:55:56","slug":"morre-advogado-e-ex-procurador-da-prefeitura-e-camara-de-caruaru-jose-americo","status":"publish","type":"post","link":"https:\/\/blogdoedvaldomagalhaes.com.br\/index.php\/2022\/12\/14\/morre-advogado-e-ex-procurador-da-prefeitura-e-camara-de-caruaru-jose-americo\/","title":{"rendered":"Morre advogado e ex-Procurador da Prefeitura e C\u00e2mara de Caruaru Jos\u00e9 Am\u00e9rico"},"content":{"rendered":"<p style=\"text-align: justify;\">Morreu\u00a0 na noite dessa ter\u00e7a-feira (14), o advogado Jos\u00e9 Am\u00e9rico Monteiro de Moares Sobrinho, 52 anos de idade, v\u00edtima de um Acidente Vascular Cerebral &#8211; AVC. Ele passou em casa, foi socorrido pelo SAMU e\u00a0 faleceu na UPA Boa Vista. O vel\u00f3rio come\u00e7a \u00e0s 17h desta quarta-feira (14), no Cemit\u00e9rio Parque dos Arcos, onde ser\u00e1 o sepultamento na manh\u00e3 desta quinta-feira (15).<\/p>\n<p style=\"text-align: justify;\">Jos\u00e9 Am\u00e9rico era especialista em Direito P\u00fablico, com experi\u00eancia de 20 anos na \u00e1rea. Como procurador, j\u00e1 atuou na Prefeitura de Caruaru, entre os anos de 1997 e 2000, na gest\u00e3o Jo\u00e3o Lyra Neto, e na C\u00e2mara Municipal de Caruaru, entre 2011 e 2012, e tamb\u00e9m entre 2013 e 2015.<\/p>\n<p style=\"text-align: justify;\">Foto: Victor Vargas.<\/p>\n\n\n<figure class=\"wp-block-image size-large\"><img loading=\"lazy\" decoding=\"async\" width=\"1007\" height=\"1024\" src=\"https:\/\/blogdoedvaldomagalhaes.com.br\/wp-content\/uploads\/2022\/12\/IMG-20221214-WA0023-1007x1024.jpg\" alt=\"\" class=\"wp-image-90816\" srcset=\"https:\/\/blogdoedvaldomagalhaes.com.br\/wp-content\/uploads\/2022\/12\/IMG-20221214-WA0023-1007x1024.jpg 1007w, https:\/\/blogdoedvaldomagalhaes.com.br\/wp-content\/uploads\/2022\/12\/IMG-20221214-WA0023-295x300.jpg 295w, https:\/\/blogdoedvaldomagalhaes.com.br\/wp-content\/uploads\/2022\/12\/IMG-20221214-WA0023-768x781.jpg 768w, https:\/\/blogdoedvaldomagalhaes.com.br\/wp-content\/uploads\/2022\/12\/IMG-20221214-WA0023.jpg 1511w\" sizes=\"auto, (max-width: 1007px) 100vw, 1007px\" \/><\/figure>\n\n\n<p style=\"text-align: justify;\">OAB Caruaru emite nota de pesar e decreta luto oficial de tr\u00eas dias<\/p>\n<p style=\"text-align: justify;\">\u00c9 com profundo pesar que a OAB Caruaru recebeu a not\u00edcia do falecimento do advogado, ex-procurador da C\u00e2mara de Vereadores e ex-conselheiro da OAB Caruaru em dois mandatos (2007\/09 e 2012\/14), Jos\u00e9 Am\u00e9rico Monteiro de Moraes Sobrinho, aos 52 anos, ocorrido na noite desta ter\u00e7a-feira (13).<\/p>\n<p style=\"text-align: justify;\">A Subse\u00e7\u00e3o decreta luto oficial de tr\u00eas dias e deseja aos familiares e amigos os mais sinceros sentimentos pela inestim\u00e1vel perda.<\/p>\n<p style=\"text-align: justify;\">SEPULTAMENTO: O vel\u00f3rio acontecer\u00e1 nesta quarta-feira (14), no cemit\u00e9rio Parque dos Arcos, em Caruaru.<\/p>\n<p style=\"text-align: justify;\"><strong>Nota de Pesar<\/strong><\/p>\n<p style=\"text-align: justify;\">A quarta-feira come\u00e7ou com a triste not\u00edcia do falecimento do amigo Z\u00e9 Am\u00e9rico, advogado e ex-procurador da Prefeitura de Caruaru e da C\u00e2mara de Vereadores de Caruaru. Deixo aqui a minha solidariedade ao filho Vin\u00edcius e aos demais familiares e amigos. Que Deus conforte o cora\u00e7\u00e3o de todos nesse momento de dor.<\/p>\n<p style=\"text-align: justify;\">Raquel Lyra &#8211; <br>Governadora eleita<\/p>","protected":false},"excerpt":{"rendered":"<p>Morreu\u00a0 na noite dessa ter\u00e7a-feira (14), o advogado Jos\u00e9 Am\u00e9rico Monteiro de Moares Sobrinho, 52 anos de idade, v\u00edtima de&hellip;<\/p>\n","protected":false},"author":1,"featured_media":90805,"comment_status":"closed","ping_status":"open","sticky":false,"template":"","format":"standard","meta":{"footnotes":""},"categories":[14120],"tags":[2,19532,3406,26301],"class_list":["post-90804","post","type-post","status-publish","format-standard","has-post-thumbnail","hentry","category-noticias","tag-blog-do-edvaldo-magalhaes","tag-blog-mais-acessado-e-visualizado-de-caruaru-e-regiao","tag-caruaru","tag-morre-advogado-e-ex-procurador-da-prefeitura-e-camara-de-caruaru-jose-americo"],"_links":{"self":[{"href":"https:\/\/blogdoedvaldomagalhaes.com.br\/index.php\/wp-json\/wp\/v2\/posts\/90804","targetHints":{"allow":["GET"]}}],"collection":[{"href":"https:\/\/blogdoedvaldomagalhaes.com.br\/index.php\/wp-json\/wp\/v2\/posts"}],"about":[{"href":"https:\/\/blogdoedvaldomagalhaes.com.br\/index.php\/wp-json\/wp\/v2\/types\/post"}],"author":[{"embeddable":true,"href":"https:\/\/blogdoedvaldomagalhaes.com.br\/index.php\/wp-json\/wp\/v2\/users\/1"}],"replies":[{"embeddable":true,"href":"https:\/\/blogdoedvaldomagalhaes.com.br\/index.php\/wp-json\/wp\/v2\/comments?post=90804"}],"version-history":[{"count":10,"href":"https:\/\/blogdoedvaldomagalhaes.com.br\/index.php\/wp-json\/wp\/v2\/posts\/90804\/revisions"}],"predecessor-version":[{"id":90839,"href":"https:\/\/blogdoedvaldomagalhaes.com.br\/index.php\/wp-json\/wp\/v2\/posts\/90804\/revisions\/90839"}],"wp:featuredmedia":[{"embeddable":true,"href":"https:\/\/blogdoedvaldomagalhaes.com.br\/index.php\/wp-json\/wp\/v2\/media\/90805"}],"wp:attachment":[{"href":"https:\/\/blogdoedvaldomagalhaes.com.br\/index.php\/wp-json\/wp\/v2\/media?parent=90804"}],"wp:term":[{"taxonomy":"category","embeddable":true,"href":"https:\/\/blogdoedvaldomagalhaes.com.br\/index.php\/wp-json\/wp\/v2\/categories?post=90804"},{"taxonomy":"post_tag","embeddable":true,"href":"https:\/\/blogdoedvaldomagalhaes.com.br\/index.php\/wp-json\/wp\/v2\/tags?post=90804"}],"curies":[{"name":"wp","href":"https:\/\/api.w.org\/{rel}","templated":true}]}}