{"id":90801,"date":"2022-12-13T21:26:06","date_gmt":"2022-12-14T00:26:06","guid":{"rendered":"https:\/\/blogdoedvaldomagalhaes.com.br\/?p=90801"},"modified":"2022-12-13T21:26:08","modified_gmt":"2022-12-14T00:26:08","slug":"carnaval-2023-e-discutido-entre-equipes-de-transicao-de-raquel-lyra-e-paulo-camara","status":"publish","type":"post","link":"https:\/\/blogdoedvaldomagalhaes.com.br\/index.php\/2022\/12\/13\/carnaval-2023-e-discutido-entre-equipes-de-transicao-de-raquel-lyra-e-paulo-camara\/","title":{"rendered":"Carnaval 2023 \u00e9 discutido entre equipes de transi\u00e7\u00e3o de Raquel Lyra e Paulo C\u00e2mara"},"content":{"rendered":"<p style=\"text-align: justify;\"><span style=\"color: initial; font-size: revert;\">Dando continuidade aos encontros tem\u00e1ticos neste per\u00edodo de transi\u00e7\u00e3o de governo em Pernambuco, a equipe da governadora eleita, Raquel Lyra, se reuniu com o grupo de trabalho da gest\u00e3o de Paulo C\u00e2mara, nesta ter\u00e7a-feira (12), na Secretaria de Planejamento e Gest\u00e3o (Seplag), para aprofundar as informa\u00e7\u00f5es referentes ao Carnaval 2023. Na ocasi\u00e3o, foram apresentados n\u00fameros, dados e as a\u00e7\u00f5es que s\u00e3o executadas nas \u00e1reas de cultura, seguran\u00e7a, sa\u00fade e planejamento para a realiza\u00e7\u00e3o da maior festa cultural do estado.<\/span><\/p>\n<p style=\"text-align: justify;\">H\u00e1 dois anos que o Carnaval de Pernambuco est\u00e1 suspenso em virtude da Covid-19. Desta maneira, a coordenadora de transi\u00e7\u00e3o do governo Raquel Lyra, a vice-governadora eleita e deputada estadual, Priscila Krause (Cidadania), ressaltou a import\u00e2ncia do encontro para a garantia de melhores servi\u00e7os em diversas \u00e1reas, como sa\u00fade e seguran\u00e7a.<\/p>\n<p style=\"text-align: justify;\">\u201cO Carnaval de Pernambuco, seja na capital, com o Galo da Madrugada; em Olinda ou no interior, tem grande dimens\u00e3o na cultura do nosso estado e no mundo todo. A reuni\u00e3o aconteceu 95 dias antes do Carnaval do pr\u00f3ximo ano, para que a gente possa se preparar para o tamanho do desafio de uma das nossas maiores festas populares, que \u00e9 prioridade no nosso grupo de trabalho. Recebemos alguns dados e informa\u00e7\u00f5es e vamos aprofundar a an\u00e1lise para a nossa tomada de decis\u00f5es\u201d, afirmou Priscila.<\/p>\n<p style=\"text-align: justify;\">Ainda na reuni\u00e3o foi conversado sobre a sa\u00fade no per\u00edodo de Carnaval, ponto importante para que o governo atual passasse o planejamento para o per\u00edodo. \u201c\u00c9 uma \u00e1rea muito importante para o evento, onde h\u00e1 necessidade de todo um refor\u00e7o nos hospitais e nas UPAs, para que a gente possa garantir um atendimento de qualidade e r\u00e1pido para o foli\u00e3o que venha passar o Carnaval aqui em Pernambuco\u201d, exemplificou a vice-governadora eleita.<\/p>\n<p style=\"text-align: justify;\">Representando a pasta de Cultura do atual governo, estiveram presentes o secret\u00e1rio Oscar Barreto e o diretor-presidente da Funda\u00e7\u00e3o do Patrim\u00f4nio Hist\u00f3rico e Art\u00edstico de Pernambuco (Fundarpe), Severino Pessoa, que aproveitaram a reuni\u00e3o para informar que est\u00e1 previsto o valor de R$ 6 milh\u00f5es no or\u00e7amento da Cultura 2023, assegurado pela Lei Or\u00e7ament\u00e1ria Anual (LOA). J\u00e1 o secret\u00e1rio de Defesa Social, Humberto Freire, destacou que o Carnaval tem in\u00edcio em janeiro, com as pr\u00e9vias carnavalescas, e aproveitou a ocasi\u00e3o para apresentar o planejamento pr\u00e9vio realizado pela pasta de seguran\u00e7a p\u00fablica.<\/p>\n<p style=\"text-align: justify;\">Fotos: Sarah Leonel.<\/p>\n<p style=\"text-align: justify;\">Siga o Instagram do Blog @blogdoedvaldomagalhaes<\/p>\n","protected":false},"excerpt":{"rendered":"<p>Dando continuidade aos encontros tem\u00e1ticos neste per\u00edodo de transi\u00e7\u00e3o de governo em Pernambuco, a equipe da governadora eleita, Raquel Lyra,&hellip;<\/p>\n","protected":false},"author":1,"featured_media":90802,"comment_status":"closed","ping_status":"open","sticky":false,"template":"","format":"standard","meta":{"footnotes":""},"categories":[14120],"tags":[2,19532,26300,3406,20],"class_list":["post-90801","post","type-post","status-publish","format-standard","has-post-thumbnail","hentry","category-noticias","tag-blog-do-edvaldo-magalhaes","tag-blog-mais-acessado-e-visualizado-de-caruaru-e-regiao","tag-carnaval-2023-e-discutido-entre-equipes-de-transicao-de-raquel-lyra-e-paulo-camara","tag-caruaru","tag-politica"],"_links":{"self":[{"href":"https:\/\/blogdoedvaldomagalhaes.com.br\/index.php\/wp-json\/wp\/v2\/posts\/90801","targetHints":{"allow":["GET"]}}],"collection":[{"href":"https:\/\/blogdoedvaldomagalhaes.com.br\/index.php\/wp-json\/wp\/v2\/posts"}],"about":[{"href":"https:\/\/blogdoedvaldomagalhaes.com.br\/index.php\/wp-json\/wp\/v2\/types\/post"}],"author":[{"embeddable":true,"href":"https:\/\/blogdoedvaldomagalhaes.com.br\/index.php\/wp-json\/wp\/v2\/users\/1"}],"replies":[{"embeddable":true,"href":"https:\/\/blogdoedvaldomagalhaes.com.br\/index.php\/wp-json\/wp\/v2\/comments?post=90801"}],"version-history":[{"count":1,"href":"https:\/\/blogdoedvaldomagalhaes.com.br\/index.php\/wp-json\/wp\/v2\/posts\/90801\/revisions"}],"predecessor-version":[{"id":90803,"href":"https:\/\/blogdoedvaldomagalhaes.com.br\/index.php\/wp-json\/wp\/v2\/posts\/90801\/revisions\/90803"}],"wp:featuredmedia":[{"embeddable":true,"href":"https:\/\/blogdoedvaldomagalhaes.com.br\/index.php\/wp-json\/wp\/v2\/media\/90802"}],"wp:attachment":[{"href":"https:\/\/blogdoedvaldomagalhaes.com.br\/index.php\/wp-json\/wp\/v2\/media?parent=90801"}],"wp:term":[{"taxonomy":"category","embeddable":true,"href":"https:\/\/blogdoedvaldomagalhaes.com.br\/index.php\/wp-json\/wp\/v2\/categories?post=90801"},{"taxonomy":"post_tag","embeddable":true,"href":"https:\/\/blogdoedvaldomagalhaes.com.br\/index.php\/wp-json\/wp\/v2\/tags?post=90801"}],"curies":[{"name":"wp","href":"https:\/\/api.w.org\/{rel}","templated":true}]}}