{"id":908,"date":"2018-10-25T01:52:00","date_gmt":"2018-10-25T03:52:00","guid":{"rendered":"http:\/\/blogdoedvaldomagalhaes.com.br\/index.php\/2018\/10\/25\/raquel-lyra-assina-ordem-de-servico_24\/"},"modified":"2019-02-09T02:36:41","modified_gmt":"2019-02-09T04:36:41","slug":"raquel-lyra-assina-ordem-de-servico_24","status":"publish","type":"post","link":"https:\/\/blogdoedvaldomagalhaes.com.br\/index.php\/2018\/10\/25\/raquel-lyra-assina-ordem-de-servico_24\/","title":{"rendered":"Raquel Lyra assina ordem de servi\u00e7o para constru\u00e7\u00e3o da Creche Dom Costa"},"content":{"rendered":"<div class=\"separator\" style=\"clear: both; text-align: center;\">\n<a href=\"https:\/\/3.bp.blogspot.com\/-KbBcwQxgYgc\/W9EhFu7O0BI\/AAAAAAAA8UU\/58lgAa51nj4ECvIHDigduMmaV8rwpVDywCLcBGAs\/s1600\/IMG-20181024-WA0140.jpg\" imageanchor=\"1\" style=\"margin-left: 1em; margin-right: 1em;\"><img loading=\"lazy\" decoding=\"async\" border=\"0\" data-original-height=\"853\" data-original-width=\"1280\" height=\"426\" src=\"http:\/\/blogdoedvaldomagalhaes.com.br\/wp-content\/uploads\/2018\/10\/IMG-20181024-WA0140.jpg\" width=\"640\" \/><\/a><\/div>\n<div style=\"text-align: center;\">\nFotos: Jorge Farias\/Divulga\u00e7\u00e3o<\/div>\n<div style=\"text-align: center;\">\n<\/div>\n<div style=\"text-align: justify;\">\nA Prefeita de Caruaru, Raquel Lyra, assinou, nesta quarta-feira (24), a Ordem de Servi\u00e7o para constru\u00e7\u00e3o da Creche Dom Costa, localizada no Monte Bom Jesus. O Centro Municipal de Ensino Infantil, ter\u00e1 aproximadamente 860m\u00b2, com capacidade para atender 175 crian\u00e7as, de zero a tr\u00eas anos de idade.&nbsp;&nbsp;<\/div>\n<div style=\"text-align: justify;\">\n<\/div>\n<div style=\"text-align: justify;\">\nO CMEI ter\u00e1 sete salas de aula, sendo tr\u00eas ber\u00e7\u00e1rios 0 (atendendo crian\u00e7as de at\u00e9 um ano de idade), dois ber\u00e7\u00e1rios 1 (atendendo crian\u00e7as de at\u00e9 dois anos de idade), dois ber\u00e7\u00e1rios 2 (atendendo crian\u00e7as de at\u00e9 tr\u00eas anos).&nbsp;&nbsp;<\/p>\n<\/div>\n<div style=\"text-align: justify;\">\n<div class=\"separator\" style=\"clear: both; text-align: center;\">\n<a href=\"https:\/\/3.bp.blogspot.com\/-Mpahpbb_2gE\/W9EigvN4hoI\/AAAAAAAA8Ug\/gNJL1te4Vyc6i_4QmniH4JhjK2kA3PoqgCLcBGAs\/s1600\/IMG-20181024-WA0139.jpg\" imageanchor=\"1\" style=\"margin-left: 1em; margin-right: 1em;\"><img loading=\"lazy\" decoding=\"async\" border=\"0\" data-original-height=\"853\" data-original-width=\"1280\" height=\"426\" src=\"http:\/\/blogdoedvaldomagalhaes.com.br\/wp-content\/uploads\/2018\/10\/IMG-20181024-WA0139.jpg\" width=\"640\" \/><\/a>&nbsp;<\/div>\n<\/div>\n<div style=\"text-align: justify;\">\nAl\u00e9m das salas j\u00e1 projetadas para as crian\u00e7as, o espa\u00e7o conta com frald\u00e1rio, brinquedoteca, playground, p\u00e1tio coberto, horta, escov\u00f3dromo, secretaria, cozinha, refeit\u00f3rio e lavanderia.<\/p>\n<\/div>\n<div style=\"text-align: justify;\">\n<div class=\"separator\" style=\"clear: both; text-align: center;\">\n<a href=\"https:\/\/3.bp.blogspot.com\/-kcqbknNtScE\/W9Eiqjfuo1I\/AAAAAAAA8Uk\/NgIR-q-0h2oauI7SMgfgUkPj1MdjRq88QCLcBGAs\/s1600\/IMG-20181024-WA0141.jpg\" imageanchor=\"1\" style=\"margin-left: 1em; margin-right: 1em;\"><img loading=\"lazy\" decoding=\"async\" border=\"0\" data-original-height=\"853\" data-original-width=\"1280\" height=\"426\" src=\"http:\/\/blogdoedvaldomagalhaes.com.br\/wp-content\/uploads\/2018\/10\/IMG-20181024-WA0141.jpg\" width=\"640\" \/><\/a><\/div>\n<\/div>\n<div style=\"text-align: justify;\">\n<\/div>\n<div style=\"text-align: justify;\">\nA obra est\u00e1 or\u00e7ada em R$ 1,3 milh\u00e3o, com prazo para entrega de at\u00e9 doze meses.<\/p>\n<\/div>\n","protected":false},"excerpt":{"rendered":"<p>Fotos: Jorge Farias\/Divulga\u00e7\u00e3o A Prefeita de Caruaru, Raquel Lyra, assinou, nesta quarta-feira (24), a Ordem de Servi\u00e7o para constru\u00e7\u00e3o da&hellip;<\/p>\n","protected":false},"author":1,"featured_media":0,"comment_status":"open","ping_status":"open","sticky":false,"template":"","format":"standard","meta":{"footnotes":""},"categories":[1],"tags":[2,20,859],"class_list":["post-908","post","type-post","status-publish","format-standard","hentry","category-sem-categoria","tag-blog-do-edvaldo-magalhaes","tag-politica","tag-raquel-lyra-assina-ordem-de-servico-para-construcao-da-creche-dom-costa"],"_links":{"self":[{"href":"https:\/\/blogdoedvaldomagalhaes.com.br\/index.php\/wp-json\/wp\/v2\/posts\/908","targetHints":{"allow":["GET"]}}],"collection":[{"href":"https:\/\/blogdoedvaldomagalhaes.com.br\/index.php\/wp-json\/wp\/v2\/posts"}],"about":[{"href":"https:\/\/blogdoedvaldomagalhaes.com.br\/index.php\/wp-json\/wp\/v2\/types\/post"}],"author":[{"embeddable":true,"href":"https:\/\/blogdoedvaldomagalhaes.com.br\/index.php\/wp-json\/wp\/v2\/users\/1"}],"replies":[{"embeddable":true,"href":"https:\/\/blogdoedvaldomagalhaes.com.br\/index.php\/wp-json\/wp\/v2\/comments?post=908"}],"version-history":[{"count":1,"href":"https:\/\/blogdoedvaldomagalhaes.com.br\/index.php\/wp-json\/wp\/v2\/posts\/908\/revisions"}],"predecessor-version":[{"id":35229,"href":"https:\/\/blogdoedvaldomagalhaes.com.br\/index.php\/wp-json\/wp\/v2\/posts\/908\/revisions\/35229"}],"wp:attachment":[{"href":"https:\/\/blogdoedvaldomagalhaes.com.br\/index.php\/wp-json\/wp\/v2\/media?parent=908"}],"wp:term":[{"taxonomy":"category","embeddable":true,"href":"https:\/\/blogdoedvaldomagalhaes.com.br\/index.php\/wp-json\/wp\/v2\/categories?post=908"},{"taxonomy":"post_tag","embeddable":true,"href":"https:\/\/blogdoedvaldomagalhaes.com.br\/index.php\/wp-json\/wp\/v2\/tags?post=908"}],"curies":[{"name":"wp","href":"https:\/\/api.w.org\/{rel}","templated":true}]}}