{"id":90794,"date":"2022-12-13T20:07:10","date_gmt":"2022-12-13T23:07:10","guid":{"rendered":"https:\/\/blogdoedvaldomagalhaes.com.br\/?p=90794"},"modified":"2022-12-13T20:10:20","modified_gmt":"2022-12-13T23:10:20","slug":"vereador-ranilson-enfermeiro-presta-homenagem-ao-medico-manoel-luiz-da-silva-neto-dr-manoelzinho","status":"publish","type":"post","link":"https:\/\/blogdoedvaldomagalhaes.com.br\/index.php\/2022\/12\/13\/vereador-ranilson-enfermeiro-presta-homenagem-ao-medico-manoel-luiz-da-silva-neto-dr-manoelzinho\/","title":{"rendered":"Vereador Ranilson Enfermeiro presta homenagem ao m\u00e9dico Manoel Luiz da Silva Neto (Dr. Manoelzinho)"},"content":{"rendered":"<p style=\"text-align: justify;\">O vereador Ranilson Enfermeiro concedeu a Medalha de Honra ao M\u00e9rito &#8220;Medalha Dr. Geminiano Campos&#8221; ao Dr Manoel Luiz da Silva Neto, popularmente conhecido pelo nome de Dr. Manoelzinho atrav\u00e9s de um decreto legislativo aprovado na c\u00e2mara municipal, essa medalha \u00e9 uma forma de agradecer ao Doutor pelo grande servi\u00e7o prestado para a popula\u00e7\u00e3o de Caruaru de forma gratu\u00edta atrav\u00e9s da 1\u00ba Igreja Batista da cidade, a qual ele \u00e9 membro at\u00e9 hoje.<\/p>\n<p style=\"text-align: justify;\">Em 1995 O mesmo teve a brilhante ideia de utilizar uma min\u00fascula sala do sal\u00e3o anexo da igreja adaptada e rapidamente transformada num pequeno consult\u00f3rio, sendo o querido e saudoso, Dr. Paulo Andr\u00e9 Porto o primeiro m\u00e9dico colaborador nesta miss\u00e3o de solidariedade, &#8220;\u00c9 uma honra para mim como vereador dessa casa legislativa e que conhece a sa\u00fade p\u00fablica de perto como ela \u00e9, em conceder uma medalha pelos servi\u00e7os prestados \u00e0 este excelente profissional na qual tenho um enorme respeito e admira\u00e7\u00e3o&#8221; comentou o parlamentar.<\/p>\n<p style=\"text-align: justify;\">Siga o Instagram do Blog @blogdoedvaldomagalhaes<\/p>\n\n\n<figure class=\"wp-block-image size-large\"><img loading=\"lazy\" decoding=\"async\" width=\"1024\" height=\"721\" src=\"https:\/\/blogdoedvaldomagalhaes.com.br\/wp-content\/uploads\/2022\/12\/FB_IMG_1670972883084-1024x721.jpg\" alt=\"\" class=\"wp-image-90797\" srcset=\"https:\/\/blogdoedvaldomagalhaes.com.br\/wp-content\/uploads\/2022\/12\/FB_IMG_1670972883084-1024x721.jpg 1024w, https:\/\/blogdoedvaldomagalhaes.com.br\/wp-content\/uploads\/2022\/12\/FB_IMG_1670972883084-300x211.jpg 300w, https:\/\/blogdoedvaldomagalhaes.com.br\/wp-content\/uploads\/2022\/12\/FB_IMG_1670972883084-768x540.jpg 768w, https:\/\/blogdoedvaldomagalhaes.com.br\/wp-content\/uploads\/2022\/12\/FB_IMG_1670972883084.jpg 1080w\" sizes=\"auto, (max-width: 1024px) 100vw, 1024px\" \/><\/figure>\n\n\n\n<figure class=\"wp-block-image size-large\"><img loading=\"lazy\" decoding=\"async\" width=\"1024\" height=\"720\" src=\"https:\/\/blogdoedvaldomagalhaes.com.br\/wp-content\/uploads\/2022\/12\/FB_IMG_1670972873166-1024x720.jpg\" alt=\"\" class=\"wp-image-90799\" srcset=\"https:\/\/blogdoedvaldomagalhaes.com.br\/wp-content\/uploads\/2022\/12\/FB_IMG_1670972873166-1024x720.jpg 1024w, https:\/\/blogdoedvaldomagalhaes.com.br\/wp-content\/uploads\/2022\/12\/FB_IMG_1670972873166-300x211.jpg 300w, https:\/\/blogdoedvaldomagalhaes.com.br\/wp-content\/uploads\/2022\/12\/FB_IMG_1670972873166-768x540.jpg 768w, https:\/\/blogdoedvaldomagalhaes.com.br\/wp-content\/uploads\/2022\/12\/FB_IMG_1670972873166.jpg 1080w\" sizes=\"auto, (max-width: 1024px) 100vw, 1024px\" \/><figcaption>Fotos: Vladimir Barreto Rodrigues<\/figcaption><\/figure>\n","protected":false},"excerpt":{"rendered":"<p>O vereador Ranilson Enfermeiro concedeu a Medalha de Honra ao M\u00e9rito &#8220;Medalha Dr. Geminiano Campos&#8221; ao Dr Manoel Luiz da&hellip;<\/p>\n","protected":false},"author":1,"featured_media":90795,"comment_status":"closed","ping_status":"open","sticky":false,"template":"","format":"standard","meta":{"footnotes":""},"categories":[14122],"tags":[2,19532,3406,20,26299],"class_list":["post-90794","post","type-post","status-publish","format-standard","has-post-thumbnail","hentry","category-politica","tag-blog-do-edvaldo-magalhaes","tag-blog-mais-acessado-e-visualizado-de-caruaru-e-regiao","tag-caruaru","tag-politica","tag-vereador-ranilson-enfermeiro-presta-homenagem-ao-medico-manoel-luiz-da-silva-neto-dr-manoelzinho"],"_links":{"self":[{"href":"https:\/\/blogdoedvaldomagalhaes.com.br\/index.php\/wp-json\/wp\/v2\/posts\/90794","targetHints":{"allow":["GET"]}}],"collection":[{"href":"https:\/\/blogdoedvaldomagalhaes.com.br\/index.php\/wp-json\/wp\/v2\/posts"}],"about":[{"href":"https:\/\/blogdoedvaldomagalhaes.com.br\/index.php\/wp-json\/wp\/v2\/types\/post"}],"author":[{"embeddable":true,"href":"https:\/\/blogdoedvaldomagalhaes.com.br\/index.php\/wp-json\/wp\/v2\/users\/1"}],"replies":[{"embeddable":true,"href":"https:\/\/blogdoedvaldomagalhaes.com.br\/index.php\/wp-json\/wp\/v2\/comments?post=90794"}],"version-history":[{"count":2,"href":"https:\/\/blogdoedvaldomagalhaes.com.br\/index.php\/wp-json\/wp\/v2\/posts\/90794\/revisions"}],"predecessor-version":[{"id":90800,"href":"https:\/\/blogdoedvaldomagalhaes.com.br\/index.php\/wp-json\/wp\/v2\/posts\/90794\/revisions\/90800"}],"wp:featuredmedia":[{"embeddable":true,"href":"https:\/\/blogdoedvaldomagalhaes.com.br\/index.php\/wp-json\/wp\/v2\/media\/90795"}],"wp:attachment":[{"href":"https:\/\/blogdoedvaldomagalhaes.com.br\/index.php\/wp-json\/wp\/v2\/media?parent=90794"}],"wp:term":[{"taxonomy":"category","embeddable":true,"href":"https:\/\/blogdoedvaldomagalhaes.com.br\/index.php\/wp-json\/wp\/v2\/categories?post=90794"},{"taxonomy":"post_tag","embeddable":true,"href":"https:\/\/blogdoedvaldomagalhaes.com.br\/index.php\/wp-json\/wp\/v2\/tags?post=90794"}],"curies":[{"name":"wp","href":"https:\/\/api.w.org\/{rel}","templated":true}]}}