{"id":90787,"date":"2022-12-13T17:21:43","date_gmt":"2022-12-13T20:21:43","guid":{"rendered":"https:\/\/blogdoedvaldomagalhaes.com.br\/?p=90787"},"modified":"2022-12-13T17:21:45","modified_gmt":"2022-12-13T20:21:45","slug":"suspeito-de-praticar-assalto-em-onibus-e-espancado-por-passageiros-e-detido","status":"publish","type":"post","link":"https:\/\/blogdoedvaldomagalhaes.com.br\/index.php\/2022\/12\/13\/suspeito-de-praticar-assalto-em-onibus-e-espancado-por-passageiros-e-detido\/","title":{"rendered":"Suspeito de praticar assalto em \u00f4nibus \u00e9 espancado por passageiros e detido"},"content":{"rendered":"<p style=\"text-align: justify;\"><span style=\"color: initial; font-size: revert;\">Nessa segunda (12), policiais rodovi\u00e1rios federais realizavam ronda no Km 73 da BR 101, no Ibura, e se depararam com passageiros de um coletivo agredindo um homem suspeito de assalto. H\u00e1 informa\u00e7\u00f5es de que outro homem participou da a\u00e7\u00e3o criminosa, por\u00e9m conseguiu fugir.<\/span><\/p>\n<p style=\"text-align: justify;\">Testemunhas informaram que durante a a\u00e7\u00e3o os assaltantes subtra\u00edram pertences, arrastaram um dos passageiros para fora do \u00f4nibus e o espancaram. Alguns dos passageiros do coletivo prestaram socorro \u00e0 v\u00edtima e perseguiram os infratores, que empreenderam fuga. Apenas um deles foi alcan\u00e7ado.<\/p>\n<p style=\"text-align: justify;\">Com o suspeito n\u00e3o foram encontrados os pertences das v\u00edtimas, nem a arma do crime. O homem foi encaminhado \u00e0 Central de Plant\u00f5es da Pol\u00edcia Civil, em Afogados, na Zona Norte da capital. Foto: Divulga\u00e7\u00e3o\/PRF.<\/p>\n<p style=\"text-align: justify;\">Siga o Instagram do Blog @blogdoedvaldomagalhaes<\/p>\n","protected":false},"excerpt":{"rendered":"<p>Nessa segunda (12), policiais rodovi\u00e1rios federais realizavam ronda no Km 73 da BR 101, no Ibura, e se depararam com&hellip;<\/p>\n","protected":false},"author":1,"featured_media":90788,"comment_status":"closed","ping_status":"open","sticky":false,"template":"","format":"standard","meta":{"footnotes":""},"categories":[14120],"tags":[2,19532,3406,26298],"class_list":["post-90787","post","type-post","status-publish","format-standard","has-post-thumbnail","hentry","category-noticias","tag-blog-do-edvaldo-magalhaes","tag-blog-mais-acessado-e-visualizado-de-caruaru-e-regiao","tag-caruaru","tag-suspeito-de-praticar-assalto-em-onibus-e-espancado-por-passageiros-e-detido"],"_links":{"self":[{"href":"https:\/\/blogdoedvaldomagalhaes.com.br\/index.php\/wp-json\/wp\/v2\/posts\/90787","targetHints":{"allow":["GET"]}}],"collection":[{"href":"https:\/\/blogdoedvaldomagalhaes.com.br\/index.php\/wp-json\/wp\/v2\/posts"}],"about":[{"href":"https:\/\/blogdoedvaldomagalhaes.com.br\/index.php\/wp-json\/wp\/v2\/types\/post"}],"author":[{"embeddable":true,"href":"https:\/\/blogdoedvaldomagalhaes.com.br\/index.php\/wp-json\/wp\/v2\/users\/1"}],"replies":[{"embeddable":true,"href":"https:\/\/blogdoedvaldomagalhaes.com.br\/index.php\/wp-json\/wp\/v2\/comments?post=90787"}],"version-history":[{"count":1,"href":"https:\/\/blogdoedvaldomagalhaes.com.br\/index.php\/wp-json\/wp\/v2\/posts\/90787\/revisions"}],"predecessor-version":[{"id":90789,"href":"https:\/\/blogdoedvaldomagalhaes.com.br\/index.php\/wp-json\/wp\/v2\/posts\/90787\/revisions\/90789"}],"wp:featuredmedia":[{"embeddable":true,"href":"https:\/\/blogdoedvaldomagalhaes.com.br\/index.php\/wp-json\/wp\/v2\/media\/90788"}],"wp:attachment":[{"href":"https:\/\/blogdoedvaldomagalhaes.com.br\/index.php\/wp-json\/wp\/v2\/media?parent=90787"}],"wp:term":[{"taxonomy":"category","embeddable":true,"href":"https:\/\/blogdoedvaldomagalhaes.com.br\/index.php\/wp-json\/wp\/v2\/categories?post=90787"},{"taxonomy":"post_tag","embeddable":true,"href":"https:\/\/blogdoedvaldomagalhaes.com.br\/index.php\/wp-json\/wp\/v2\/tags?post=90787"}],"curies":[{"name":"wp","href":"https:\/\/api.w.org\/{rel}","templated":true}]}}