{"id":90784,"date":"2022-12-13T16:58:16","date_gmt":"2022-12-13T19:58:16","guid":{"rendered":"https:\/\/blogdoedvaldomagalhaes.com.br\/?p=90784"},"modified":"2022-12-13T16:58:17","modified_gmt":"2022-12-13T19:58:17","slug":"guarda-municipal-de-caruaru-recupera-veiculo-com-restricao-de-roubo","status":"publish","type":"post","link":"https:\/\/blogdoedvaldomagalhaes.com.br\/index.php\/2022\/12\/13\/guarda-municipal-de-caruaru-recupera-veiculo-com-restricao-de-roubo\/","title":{"rendered":"Guarda Municipal de Caruaru recupera ve\u00edculo com restri\u00e7\u00e3o de roubo"},"content":{"rendered":"<p style=\"text-align: justify;\"><span style=\"font-size: revert; color: initial;\">Nessa segunda-feira (12), a Guarda Municipal de Caruaru (GM) recebeu informa\u00e7\u00f5es, por meio do 153, de um ve\u00edculo em situa\u00e7\u00e3o de suspeita, na zona rural, pr\u00f3ximo a Ita\u00fana. A GM foi ao local e confirmou a veracidade. Ap\u00f3s consulta no sistema, a placa do carro n\u00e3o conferia com o chassi, ap\u00f3s nova pesquisa conseguiram identificar a numera\u00e7\u00e3o verdadeira da placa, que tinha restri\u00e7\u00e3o de roubo.<\/span><\/p>\n<p style=\"text-align: justify;\">A GM entrou em contato com propriet\u00e1rio, residente no munic\u00edpio de Bezerros, e informou que o carro seria levado \u00e0 Delegacia de Plant\u00e3o para serem tomadas as medidas cab\u00edveis. Foto: Divulga\u00e7\u00e3o.<\/p>\n<p style=\"text-align: justify;\">Siga o Instagram do Blog @blogdoedvaldomagalhaes<\/p>\n","protected":false},"excerpt":{"rendered":"<p>Nessa segunda-feira (12), a Guarda Municipal de Caruaru (GM) recebeu informa\u00e7\u00f5es, por meio do 153, de um ve\u00edculo em situa\u00e7\u00e3o&hellip;<\/p>\n","protected":false},"author":1,"featured_media":90785,"comment_status":"closed","ping_status":"open","sticky":false,"template":"","format":"standard","meta":{"footnotes":""},"categories":[14120],"tags":[2,19532,3406,26297],"class_list":["post-90784","post","type-post","status-publish","format-standard","has-post-thumbnail","hentry","category-noticias","tag-blog-do-edvaldo-magalhaes","tag-blog-mais-acessado-e-visualizado-de-caruaru-e-regiao","tag-caruaru","tag-guarda-municipal-de-caruaru-recupera-veiculo-com-restricao-de-roubo"],"_links":{"self":[{"href":"https:\/\/blogdoedvaldomagalhaes.com.br\/index.php\/wp-json\/wp\/v2\/posts\/90784","targetHints":{"allow":["GET"]}}],"collection":[{"href":"https:\/\/blogdoedvaldomagalhaes.com.br\/index.php\/wp-json\/wp\/v2\/posts"}],"about":[{"href":"https:\/\/blogdoedvaldomagalhaes.com.br\/index.php\/wp-json\/wp\/v2\/types\/post"}],"author":[{"embeddable":true,"href":"https:\/\/blogdoedvaldomagalhaes.com.br\/index.php\/wp-json\/wp\/v2\/users\/1"}],"replies":[{"embeddable":true,"href":"https:\/\/blogdoedvaldomagalhaes.com.br\/index.php\/wp-json\/wp\/v2\/comments?post=90784"}],"version-history":[{"count":1,"href":"https:\/\/blogdoedvaldomagalhaes.com.br\/index.php\/wp-json\/wp\/v2\/posts\/90784\/revisions"}],"predecessor-version":[{"id":90786,"href":"https:\/\/blogdoedvaldomagalhaes.com.br\/index.php\/wp-json\/wp\/v2\/posts\/90784\/revisions\/90786"}],"wp:featuredmedia":[{"embeddable":true,"href":"https:\/\/blogdoedvaldomagalhaes.com.br\/index.php\/wp-json\/wp\/v2\/media\/90785"}],"wp:attachment":[{"href":"https:\/\/blogdoedvaldomagalhaes.com.br\/index.php\/wp-json\/wp\/v2\/media?parent=90784"}],"wp:term":[{"taxonomy":"category","embeddable":true,"href":"https:\/\/blogdoedvaldomagalhaes.com.br\/index.php\/wp-json\/wp\/v2\/categories?post=90784"},{"taxonomy":"post_tag","embeddable":true,"href":"https:\/\/blogdoedvaldomagalhaes.com.br\/index.php\/wp-json\/wp\/v2\/tags?post=90784"}],"curies":[{"name":"wp","href":"https:\/\/api.w.org\/{rel}","templated":true}]}}