{"id":90781,"date":"2022-12-13T16:36:05","date_gmt":"2022-12-13T19:36:05","guid":{"rendered":"https:\/\/blogdoedvaldomagalhaes.com.br\/?p=90781"},"modified":"2022-12-13T16:36:07","modified_gmt":"2022-12-13T19:36:07","slug":"prf-detem-suspeito-de-praticar-assaltos-com-arma-e-carro-roubado","status":"publish","type":"post","link":"https:\/\/blogdoedvaldomagalhaes.com.br\/index.php\/2022\/12\/13\/prf-detem-suspeito-de-praticar-assaltos-com-arma-e-carro-roubado\/","title":{"rendered":"PRF det\u00e9m suspeito de praticar assaltos com arma e carro roubado"},"content":{"rendered":"<p style=\"text-align: justify;\">Um homem suspeito de praticar assaltos foi detido, na madrugada desta ter\u00e7a-feira (13), pela Pol\u00edcia Rodovi\u00e1ria Federal (PRF), em S\u00e3o Bento do Una, no Agreste de Pernambuco. Um rev\u00f3lver municiado e um carro roubado foram apreendidos com o apoio do 15\u00ba Batalh\u00e3o de Pol\u00edcia Militar (BPM).<\/p>\n<p style=\"text-align: justify;\">Policiais receberam informa\u00e7\u00f5es de que dois ve\u00edculos brancos estavam sendo utilizados para praticar assaltos no Agreste de Pernambuco. Uma das equipes PRF localizou um dos ve\u00edculos suspeitos em S\u00e3o Bento do Una, mas n\u00e3o foram encontradas irregularidades no autom\u00f3vel.<\/p>\n<p style=\"text-align: justify;\">Em seguida, os policiais avistaram outro carro suspeito e deram ordem de parada ao motorista, que desobedeceu e fugiu em alta velocidade. Durante o acompanhamento, criminosos atiraram nos policiais, mas logo depois abandonaram o ve\u00edculo e fugiram para uma \u00e1rea de mata.<\/p>\n<p style=\"text-align: justify;\">Ap\u00f3s buscas, um dos ocupantes foi detido e um rev\u00f3lver calibre .38 foi encontrado, com duas muni\u00e7\u00f5es deflagradas e uma intacta. Em consulta ao carro, foi descoberto um registro de roubo do dia 27 de outubro deste ano, em Recife.<\/p>\n<p style=\"text-align: justify;\">O homem, o carro e a arma foram encaminhados \u00e0 Delegacia de Pol\u00edcia Civil de Belo Jardim. Foto: Divulga\u00e7\u00e3o\/PRF.<\/p>\n<p style=\"text-align: justify;\">Siga o Instagram do Blog @blogdoedvaldomagalhaes<\/p>\n","protected":false},"excerpt":{"rendered":"<p>Um homem suspeito de praticar assaltos foi detido, na madrugada desta ter\u00e7a-feira (13), pela Pol\u00edcia Rodovi\u00e1ria Federal (PRF), em S\u00e3o&hellip;<\/p>\n","protected":false},"author":1,"featured_media":90782,"comment_status":"closed","ping_status":"open","sticky":false,"template":"","format":"standard","meta":{"footnotes":""},"categories":[14121],"tags":[2,19532,3406,26296],"class_list":["post-90781","post","type-post","status-publish","format-standard","has-post-thumbnail","hentry","category-policial","tag-blog-do-edvaldo-magalhaes","tag-blog-mais-acessado-e-visualizado-de-caruaru-e-regiao","tag-caruaru","tag-prf-detem-suspeito-de-praticar-assaltos-com-arma-e-carro-roubado"],"_links":{"self":[{"href":"https:\/\/blogdoedvaldomagalhaes.com.br\/index.php\/wp-json\/wp\/v2\/posts\/90781","targetHints":{"allow":["GET"]}}],"collection":[{"href":"https:\/\/blogdoedvaldomagalhaes.com.br\/index.php\/wp-json\/wp\/v2\/posts"}],"about":[{"href":"https:\/\/blogdoedvaldomagalhaes.com.br\/index.php\/wp-json\/wp\/v2\/types\/post"}],"author":[{"embeddable":true,"href":"https:\/\/blogdoedvaldomagalhaes.com.br\/index.php\/wp-json\/wp\/v2\/users\/1"}],"replies":[{"embeddable":true,"href":"https:\/\/blogdoedvaldomagalhaes.com.br\/index.php\/wp-json\/wp\/v2\/comments?post=90781"}],"version-history":[{"count":1,"href":"https:\/\/blogdoedvaldomagalhaes.com.br\/index.php\/wp-json\/wp\/v2\/posts\/90781\/revisions"}],"predecessor-version":[{"id":90783,"href":"https:\/\/blogdoedvaldomagalhaes.com.br\/index.php\/wp-json\/wp\/v2\/posts\/90781\/revisions\/90783"}],"wp:featuredmedia":[{"embeddable":true,"href":"https:\/\/blogdoedvaldomagalhaes.com.br\/index.php\/wp-json\/wp\/v2\/media\/90782"}],"wp:attachment":[{"href":"https:\/\/blogdoedvaldomagalhaes.com.br\/index.php\/wp-json\/wp\/v2\/media?parent=90781"}],"wp:term":[{"taxonomy":"category","embeddable":true,"href":"https:\/\/blogdoedvaldomagalhaes.com.br\/index.php\/wp-json\/wp\/v2\/categories?post=90781"},{"taxonomy":"post_tag","embeddable":true,"href":"https:\/\/blogdoedvaldomagalhaes.com.br\/index.php\/wp-json\/wp\/v2\/tags?post=90781"}],"curies":[{"name":"wp","href":"https:\/\/api.w.org\/{rel}","templated":true}]}}