{"id":90772,"date":"2022-12-13T12:29:36","date_gmt":"2022-12-13T15:29:36","guid":{"rendered":"https:\/\/blogdoedvaldomagalhaes.com.br\/?p=90772"},"modified":"2022-12-13T12:29:38","modified_gmt":"2022-12-13T15:29:38","slug":"raquel-lyra-participa-em-caruaru-de-celebracao-em-homenagem-a-santa-luzia","status":"publish","type":"post","link":"https:\/\/blogdoedvaldomagalhaes.com.br\/index.php\/2022\/12\/13\/raquel-lyra-participa-em-caruaru-de-celebracao-em-homenagem-a-santa-luzia\/","title":{"rendered":"Raquel Lyra participa, em Caruaru, de celebra\u00e7\u00e3o em homenagem a Santa Luzia"},"content":{"rendered":"<p style=\"text-align: justify;\"><span style=\"color: initial; font-size: revert;\">A governadora eleita, Raquel Lyra, iniciou esta ter\u00e7a-feira (13) no Monte Bom Jesus, em Caruaru, participando da celebra\u00e7\u00e3o em homenagem a Santa Luzia, reverenciada pelos cat\u00f3licos como a protetora dos olhos.<\/span><\/p>\n<p style=\"text-align: justify;\">A missa, que tradicionalmente re\u00fane milhares de fi\u00e9is, foi presidida pelo bispo da Diocese de Caruaru, dom Jos\u00e9 Ruy, na capela que leva o nome da religiosa.<\/p>\n<p style=\"text-align: justify;\">Raquel assistiu \u00e0 celebra\u00e7\u00e3o ao lado do prefeito de Caruaru, Rodrigo Pinheiro. &#8220;Por mais um ano estou aqui na tradi\u00e7\u00e3o de celebrar Santa Luzia. Vim professar a minha f\u00e9 e, junto com milhares de caruaruenses e agrestinos, agradecer a Deus e pedir b\u00ean\u00e7\u00e3os e discernimento para que a gente possa ter sabedoria para tomar as melhores decis\u00f5es na vida, fazendo sempre o certo&#8221;, afirmou Raquel.<\/p>\n<p style=\"text-align: justify;\">O Monte Bom Jesus tem um significado especial para Raquel Lyra. Quando era prefeita, requalificou todo o espa\u00e7o, devolvendo aos caruaruenses um dos s\u00edmbolos mais importantes<br \/>da cidade.<\/p>\n<p style=\"text-align: justify;\">Siga o Instagram do Blog @blogdoedvaldomagalhaes<\/p>\n\n\n<figure class=\"wp-block-image size-full\"><img loading=\"lazy\" decoding=\"async\" width=\"1024\" height=\"683\" src=\"https:\/\/blogdoedvaldomagalhaes.com.br\/wp-content\/uploads\/2022\/12\/IMG-20221213-WA0030.jpg\" alt=\"\" class=\"wp-image-90774\" srcset=\"https:\/\/blogdoedvaldomagalhaes.com.br\/wp-content\/uploads\/2022\/12\/IMG-20221213-WA0030.jpg 1024w, https:\/\/blogdoedvaldomagalhaes.com.br\/wp-content\/uploads\/2022\/12\/IMG-20221213-WA0030-300x200.jpg 300w, https:\/\/blogdoedvaldomagalhaes.com.br\/wp-content\/uploads\/2022\/12\/IMG-20221213-WA0030-768x512.jpg 768w\" sizes=\"auto, (max-width: 1024px) 100vw, 1024px\" \/><\/figure>\n\n\n\n<p><\/p>\n\n\n\n<figure class=\"wp-block-image size-full\"><img loading=\"lazy\" decoding=\"async\" width=\"1024\" height=\"683\" src=\"https:\/\/blogdoedvaldomagalhaes.com.br\/wp-content\/uploads\/2022\/12\/IMG-20221213-WA0032.jpg\" alt=\"\" class=\"wp-image-90775\" srcset=\"https:\/\/blogdoedvaldomagalhaes.com.br\/wp-content\/uploads\/2022\/12\/IMG-20221213-WA0032.jpg 1024w, https:\/\/blogdoedvaldomagalhaes.com.br\/wp-content\/uploads\/2022\/12\/IMG-20221213-WA0032-300x200.jpg 300w, https:\/\/blogdoedvaldomagalhaes.com.br\/wp-content\/uploads\/2022\/12\/IMG-20221213-WA0032-768x512.jpg 768w\" sizes=\"auto, (max-width: 1024px) 100vw, 1024px\" \/><figcaption>Fotos: Jana\u00edna Pepeu <\/figcaption><\/figure>\n","protected":false},"excerpt":{"rendered":"<p>A governadora eleita, Raquel Lyra, iniciou esta ter\u00e7a-feira (13) no Monte Bom Jesus, em Caruaru, participando da celebra\u00e7\u00e3o em homenagem&hellip;<\/p>\n","protected":false},"author":1,"featured_media":90773,"comment_status":"closed","ping_status":"open","sticky":false,"template":"","format":"standard","meta":{"footnotes":""},"categories":[14122],"tags":[2,19532,3406,20,26294],"class_list":["post-90772","post","type-post","status-publish","format-standard","has-post-thumbnail","hentry","category-politica","tag-blog-do-edvaldo-magalhaes","tag-blog-mais-acessado-e-visualizado-de-caruaru-e-regiao","tag-caruaru","tag-politica","tag-raquel-lyra-participa-em-caruaru-de-celebracao-em-homenagem-a-santa-luzia"],"_links":{"self":[{"href":"https:\/\/blogdoedvaldomagalhaes.com.br\/index.php\/wp-json\/wp\/v2\/posts\/90772","targetHints":{"allow":["GET"]}}],"collection":[{"href":"https:\/\/blogdoedvaldomagalhaes.com.br\/index.php\/wp-json\/wp\/v2\/posts"}],"about":[{"href":"https:\/\/blogdoedvaldomagalhaes.com.br\/index.php\/wp-json\/wp\/v2\/types\/post"}],"author":[{"embeddable":true,"href":"https:\/\/blogdoedvaldomagalhaes.com.br\/index.php\/wp-json\/wp\/v2\/users\/1"}],"replies":[{"embeddable":true,"href":"https:\/\/blogdoedvaldomagalhaes.com.br\/index.php\/wp-json\/wp\/v2\/comments?post=90772"}],"version-history":[{"count":1,"href":"https:\/\/blogdoedvaldomagalhaes.com.br\/index.php\/wp-json\/wp\/v2\/posts\/90772\/revisions"}],"predecessor-version":[{"id":90776,"href":"https:\/\/blogdoedvaldomagalhaes.com.br\/index.php\/wp-json\/wp\/v2\/posts\/90772\/revisions\/90776"}],"wp:featuredmedia":[{"embeddable":true,"href":"https:\/\/blogdoedvaldomagalhaes.com.br\/index.php\/wp-json\/wp\/v2\/media\/90773"}],"wp:attachment":[{"href":"https:\/\/blogdoedvaldomagalhaes.com.br\/index.php\/wp-json\/wp\/v2\/media?parent=90772"}],"wp:term":[{"taxonomy":"category","embeddable":true,"href":"https:\/\/blogdoedvaldomagalhaes.com.br\/index.php\/wp-json\/wp\/v2\/categories?post=90772"},{"taxonomy":"post_tag","embeddable":true,"href":"https:\/\/blogdoedvaldomagalhaes.com.br\/index.php\/wp-json\/wp\/v2\/tags?post=90772"}],"curies":[{"name":"wp","href":"https:\/\/api.w.org\/{rel}","templated":true}]}}