{"id":90769,"date":"2022-12-13T11:32:05","date_gmt":"2022-12-13T14:32:05","guid":{"rendered":"https:\/\/blogdoedvaldomagalhaes.com.br\/?p=90769"},"modified":"2022-12-13T11:32:06","modified_gmt":"2022-12-13T14:32:06","slug":"jorge-quintino-solicita-audiencia-publica-para-discutir-questoes-do-plano-de-cargos-e-carreiras-dos-profissionais-de-educacao","status":"publish","type":"post","link":"https:\/\/blogdoedvaldomagalhaes.com.br\/index.php\/2022\/12\/13\/jorge-quintino-solicita-audiencia-publica-para-discutir-questoes-do-plano-de-cargos-e-carreiras-dos-profissionais-de-educacao\/","title":{"rendered":"Jorge Quintino solicita Audi\u00eancia P\u00fablica para discutir quest\u00f5es do Plano de Cargos e Carreiras dos Profissionais de Educa\u00e7\u00e3o"},"content":{"rendered":"<p style=\"text-align: justify;\"><span style=\"color: initial; font-size: revert;\">Na tarde desta ter\u00e7a-feira (13), ser\u00e1 realizada a 63\u00aa sess\u00e3o legislativa na C\u00e2mara de Vereadores de Caruaru. Durante a reuni\u00e3o, o vereador Jorge Quintino (SD) usar\u00e1 a tribuna para solicitar \u00e0 Mesa Diretora da Casa que seja realizada de forma urgente uma Audi\u00eancia P\u00fablica para discutir, explanar e esclarecer quest\u00f5es relacionadas ao Plano de Cargos e Carreiras (PCC) dos Profissionais da Educa\u00e7\u00e3o.<\/span><\/p>\n<p style=\"text-align: justify;\">O Plano de Carreira \u00e9 um programa que estrutura o caminho profissional em que o funcion\u00e1rio pode percorrer dentro da organiza\u00e7\u00e3o e onde est\u00e3o todas as posi\u00e7\u00f5es hier\u00e1rquicas e compet\u00eancias necess\u00e1rias para alcan\u00e7\u00e1-las.<\/p>\n<p style=\"text-align: justify;\">\u201c\u00c9 extremamente necess\u00e1rio que seja realizada esta Audi\u00eancia P\u00fablica, para que assim, possamos debater pontos como proje\u00e7\u00f5es de aumento de sal\u00e1rio, possibilidade de melhorias com cursos e benef\u00edcios em caso de obten\u00e7\u00e3o de especializa\u00e7\u00e3o, habilidades, tempo de servi\u00e7o no cargo anterior, entre outros fatores relacionados aos professores\u201d, destacou Jorge Quintino.<\/p>\n<p style=\"text-align: justify;\">A reuni\u00e3o ordin\u00e1ria desta ter\u00e7a ocorrer\u00e1 a partir das 16h. Foto: Vlademir Barreto.<\/p>\n<p style=\"text-align: justify;\">Siga o Instagram do Blog @blogdoedvaldomagalhaes<\/p>\n","protected":false},"excerpt":{"rendered":"<p>Na tarde desta ter\u00e7a-feira (13), ser\u00e1 realizada a 63\u00aa sess\u00e3o legislativa na C\u00e2mara de Vereadores de Caruaru. Durante a reuni\u00e3o,&hellip;<\/p>\n","protected":false},"author":1,"featured_media":90770,"comment_status":"closed","ping_status":"open","sticky":false,"template":"","format":"standard","meta":{"footnotes":""},"categories":[14122],"tags":[2,19532,3406,26293,20],"class_list":["post-90769","post","type-post","status-publish","format-standard","has-post-thumbnail","hentry","category-politica","tag-blog-do-edvaldo-magalhaes","tag-blog-mais-acessado-e-visualizado-de-caruaru-e-regiao","tag-caruaru","tag-jorge-quintino-solicita-audiencia-publica-para-discutir-questoes-do-plano-de-cargos-e-carreiras-dos-profissionais-de-educacao","tag-politica"],"_links":{"self":[{"href":"https:\/\/blogdoedvaldomagalhaes.com.br\/index.php\/wp-json\/wp\/v2\/posts\/90769","targetHints":{"allow":["GET"]}}],"collection":[{"href":"https:\/\/blogdoedvaldomagalhaes.com.br\/index.php\/wp-json\/wp\/v2\/posts"}],"about":[{"href":"https:\/\/blogdoedvaldomagalhaes.com.br\/index.php\/wp-json\/wp\/v2\/types\/post"}],"author":[{"embeddable":true,"href":"https:\/\/blogdoedvaldomagalhaes.com.br\/index.php\/wp-json\/wp\/v2\/users\/1"}],"replies":[{"embeddable":true,"href":"https:\/\/blogdoedvaldomagalhaes.com.br\/index.php\/wp-json\/wp\/v2\/comments?post=90769"}],"version-history":[{"count":1,"href":"https:\/\/blogdoedvaldomagalhaes.com.br\/index.php\/wp-json\/wp\/v2\/posts\/90769\/revisions"}],"predecessor-version":[{"id":90771,"href":"https:\/\/blogdoedvaldomagalhaes.com.br\/index.php\/wp-json\/wp\/v2\/posts\/90769\/revisions\/90771"}],"wp:featuredmedia":[{"embeddable":true,"href":"https:\/\/blogdoedvaldomagalhaes.com.br\/index.php\/wp-json\/wp\/v2\/media\/90770"}],"wp:attachment":[{"href":"https:\/\/blogdoedvaldomagalhaes.com.br\/index.php\/wp-json\/wp\/v2\/media?parent=90769"}],"wp:term":[{"taxonomy":"category","embeddable":true,"href":"https:\/\/blogdoedvaldomagalhaes.com.br\/index.php\/wp-json\/wp\/v2\/categories?post=90769"},{"taxonomy":"post_tag","embeddable":true,"href":"https:\/\/blogdoedvaldomagalhaes.com.br\/index.php\/wp-json\/wp\/v2\/tags?post=90769"}],"curies":[{"name":"wp","href":"https:\/\/api.w.org\/{rel}","templated":true}]}}