{"id":90766,"date":"2022-12-13T11:16:31","date_gmt":"2022-12-13T14:16:31","guid":{"rendered":"https:\/\/blogdoedvaldomagalhaes.com.br\/?p=90766"},"modified":"2022-12-13T11:16:32","modified_gmt":"2022-12-13T14:16:32","slug":"incentivando-a-pratica-do-esporte-prefeitura-de-caruaru-lanca-edital-do-bolsa-atleta-2023","status":"publish","type":"post","link":"https:\/\/blogdoedvaldomagalhaes.com.br\/index.php\/2022\/12\/13\/incentivando-a-pratica-do-esporte-prefeitura-de-caruaru-lanca-edital-do-bolsa-atleta-2023\/","title":{"rendered":"Incentivando a pr\u00e1tica do esporte, Prefeitura de Caruaru lan\u00e7a edital do Bolsa Atleta 2023"},"content":{"rendered":"<p style=\"text-align: justify;\"><span style=\"color: initial; font-size: revert;\">A Secretaria de Desenvolvimento Social e Direitos Humanos de Caruaru (SDSDH) lan\u00e7a o edital do Bolsa Atleta 2023, com objetivo de incentivar a pr\u00e1tica do esporte, destinada a atletas e paratletas envolvidos nas pr\u00e1ticas de esportes de base, estudantil, rendimento, prioritariamente em modalidades ol\u00edmpicas e paral\u00edmpicas reconhecidas pelo Comit\u00ea Ol\u00edmpico do Brasil, Comit\u00ea Paral\u00edmpico Brasileiro ou pelo Comit\u00ea Ol\u00edmpico Internacional.<\/span><\/p>\n<p style=\"text-align: justify;\">*INSCRI\u00c7\u00d5ES*<\/p>\n<p style=\"text-align: justify;\">As inscri\u00e7\u00f5es ser\u00e3o realizadas apenas de forma eletr\u00f4nica. Cada candidato (a) poder\u00e1 se inscrever apenas para uma categoria. Caso seja identificada mais de uma inscri\u00e7\u00e3o, apenas a mais recente ser\u00e1 considerada. Quem estiver interessado em participar, poder\u00e1 efetuar sua inscri\u00e7\u00e3o pelo site selecoes.caruaru.pe.gov.br.<\/p>\n<p style=\"text-align: justify;\">O per\u00edodo de realiza\u00e7\u00e3o das inscri\u00e7\u00f5es ser\u00e1 das 8h do dia 13 de janeiro de 2023 at\u00e9 \u00e0s 23h59 do dia 20 de janeiro do mesmo ano.<\/p>\n<p style=\"text-align: justify;\">Ap\u00f3s a inscri\u00e7\u00e3o ser finalizada, o atleta ou paratleta receber\u00e1 no e-mail cadastrado a c\u00f3pia do seu formul\u00e1rio de inscri\u00e7\u00e3o, que valer\u00e1, para todos os fins, como comprova\u00e7\u00e3o da sua inscri\u00e7\u00e3o. O resultado final do processo seletivo ser\u00e1 homologado e divulgado no Di\u00e1rio Oficial de Caruaru, e nos canais oficiais da Prefeitura, onde constar\u00e1 a rela\u00e7\u00e3o dos contemplados, contendo o nome e a classifica\u00e7\u00e3o final dos atletas e paratletas.<\/p>\n<p style=\"text-align: justify;\">Siga o Instagram do Blog @blogdoedvaldomagalhaes<\/p>\n","protected":false},"excerpt":{"rendered":"<p>A Secretaria de Desenvolvimento Social e Direitos Humanos de Caruaru (SDSDH) lan\u00e7a o edital do Bolsa Atleta 2023, com objetivo&hellip;<\/p>\n","protected":false},"author":1,"featured_media":90767,"comment_status":"closed","ping_status":"open","sticky":false,"template":"","format":"standard","meta":{"footnotes":""},"categories":[14120],"tags":[2,19532,3406,26292],"class_list":["post-90766","post","type-post","status-publish","format-standard","has-post-thumbnail","hentry","category-noticias","tag-blog-do-edvaldo-magalhaes","tag-blog-mais-acessado-e-visualizado-de-caruaru-e-regiao","tag-caruaru","tag-incentivando-a-pratica-do-esporte-prefeitura-de-caruaru-lanca-edital-do-bolsa-atleta-2023"],"_links":{"self":[{"href":"https:\/\/blogdoedvaldomagalhaes.com.br\/index.php\/wp-json\/wp\/v2\/posts\/90766","targetHints":{"allow":["GET"]}}],"collection":[{"href":"https:\/\/blogdoedvaldomagalhaes.com.br\/index.php\/wp-json\/wp\/v2\/posts"}],"about":[{"href":"https:\/\/blogdoedvaldomagalhaes.com.br\/index.php\/wp-json\/wp\/v2\/types\/post"}],"author":[{"embeddable":true,"href":"https:\/\/blogdoedvaldomagalhaes.com.br\/index.php\/wp-json\/wp\/v2\/users\/1"}],"replies":[{"embeddable":true,"href":"https:\/\/blogdoedvaldomagalhaes.com.br\/index.php\/wp-json\/wp\/v2\/comments?post=90766"}],"version-history":[{"count":1,"href":"https:\/\/blogdoedvaldomagalhaes.com.br\/index.php\/wp-json\/wp\/v2\/posts\/90766\/revisions"}],"predecessor-version":[{"id":90768,"href":"https:\/\/blogdoedvaldomagalhaes.com.br\/index.php\/wp-json\/wp\/v2\/posts\/90766\/revisions\/90768"}],"wp:featuredmedia":[{"embeddable":true,"href":"https:\/\/blogdoedvaldomagalhaes.com.br\/index.php\/wp-json\/wp\/v2\/media\/90767"}],"wp:attachment":[{"href":"https:\/\/blogdoedvaldomagalhaes.com.br\/index.php\/wp-json\/wp\/v2\/media?parent=90766"}],"wp:term":[{"taxonomy":"category","embeddable":true,"href":"https:\/\/blogdoedvaldomagalhaes.com.br\/index.php\/wp-json\/wp\/v2\/categories?post=90766"},{"taxonomy":"post_tag","embeddable":true,"href":"https:\/\/blogdoedvaldomagalhaes.com.br\/index.php\/wp-json\/wp\/v2\/tags?post=90766"}],"curies":[{"name":"wp","href":"https:\/\/api.w.org\/{rel}","templated":true}]}}