{"id":90763,"date":"2022-12-13T10:41:02","date_gmt":"2022-12-13T13:41:02","guid":{"rendered":"https:\/\/blogdoedvaldomagalhaes.com.br\/?p=90763"},"modified":"2022-12-13T10:41:03","modified_gmt":"2022-12-13T13:41:03","slug":"homem-e-preso-por-trafico-de-entorpecentes","status":"publish","type":"post","link":"https:\/\/blogdoedvaldomagalhaes.com.br\/index.php\/2022\/12\/13\/homem-e-preso-por-trafico-de-entorpecentes\/","title":{"rendered":"Homem \u00e9 preso por tr\u00e1fico de entorpecentes"},"content":{"rendered":"<p style=\"text-align: justify;\"><span style=\"color: initial; font-size: revert;\">Um suspeito foi detido por policiais militares da CIPMoto, segunda-feira (12\/12), na quarta travessa da Avenida Torres Homem, na V\u00e1rzea. Ele \u00e9 apontado como respons\u00e1vel por com\u00e9rio ilegal de entorpecentes na \u00e1rea, e foi identificado pelo efetivo durante rondas realizadas no bairro.<\/span><\/p>\n<p style=\"text-align: justify;\">Ao notar a aproxima\u00e7\u00e3o do policiamento, ele tentou fugir e se desfazer de uma sacola. Foi alcan\u00e7ado e estava em posse de cinco pedras de crack e cinco inv\u00f3lucros de maconha. A sacola foi encontrada e nela havia mais 17 pedras de crack e 57 pacotes de maconha.<\/p>\n<p style=\"text-align: justify;\">Diante dos fatos, o envolvido foi conduzido \u00e0 Central de Plant\u00f5es da Capital, juntamente com o material apreendido, onde foi formalizada a pris\u00e3o em flagrante por tr\u00e1fico de entorpecentes. Foto: Divulga\u00e7\u00e3o\/PMPE.<\/p>\n<p style=\"text-align: justify;\">Siga o Instagram do Blog @blogdoedvaldomagalhaes<\/p>\n","protected":false},"excerpt":{"rendered":"<p>Um suspeito foi detido por policiais militares da CIPMoto, segunda-feira (12\/12), na quarta travessa da Avenida Torres Homem, na V\u00e1rzea.&hellip;<\/p>\n","protected":false},"author":1,"featured_media":90764,"comment_status":"closed","ping_status":"open","sticky":false,"template":"","format":"standard","meta":{"footnotes":""},"categories":[14121],"tags":[2,19532,3406,26291],"class_list":["post-90763","post","type-post","status-publish","format-standard","has-post-thumbnail","hentry","category-policial","tag-blog-do-edvaldo-magalhaes","tag-blog-mais-acessado-e-visualizado-de-caruaru-e-regiao","tag-caruaru","tag-homem-e-preso-por-trafico-de-entorpecentes"],"_links":{"self":[{"href":"https:\/\/blogdoedvaldomagalhaes.com.br\/index.php\/wp-json\/wp\/v2\/posts\/90763","targetHints":{"allow":["GET"]}}],"collection":[{"href":"https:\/\/blogdoedvaldomagalhaes.com.br\/index.php\/wp-json\/wp\/v2\/posts"}],"about":[{"href":"https:\/\/blogdoedvaldomagalhaes.com.br\/index.php\/wp-json\/wp\/v2\/types\/post"}],"author":[{"embeddable":true,"href":"https:\/\/blogdoedvaldomagalhaes.com.br\/index.php\/wp-json\/wp\/v2\/users\/1"}],"replies":[{"embeddable":true,"href":"https:\/\/blogdoedvaldomagalhaes.com.br\/index.php\/wp-json\/wp\/v2\/comments?post=90763"}],"version-history":[{"count":1,"href":"https:\/\/blogdoedvaldomagalhaes.com.br\/index.php\/wp-json\/wp\/v2\/posts\/90763\/revisions"}],"predecessor-version":[{"id":90765,"href":"https:\/\/blogdoedvaldomagalhaes.com.br\/index.php\/wp-json\/wp\/v2\/posts\/90763\/revisions\/90765"}],"wp:featuredmedia":[{"embeddable":true,"href":"https:\/\/blogdoedvaldomagalhaes.com.br\/index.php\/wp-json\/wp\/v2\/media\/90764"}],"wp:attachment":[{"href":"https:\/\/blogdoedvaldomagalhaes.com.br\/index.php\/wp-json\/wp\/v2\/media?parent=90763"}],"wp:term":[{"taxonomy":"category","embeddable":true,"href":"https:\/\/blogdoedvaldomagalhaes.com.br\/index.php\/wp-json\/wp\/v2\/categories?post=90763"},{"taxonomy":"post_tag","embeddable":true,"href":"https:\/\/blogdoedvaldomagalhaes.com.br\/index.php\/wp-json\/wp\/v2\/tags?post=90763"}],"curies":[{"name":"wp","href":"https:\/\/api.w.org\/{rel}","templated":true}]}}