{"id":9075,"date":"2016-07-08T11:05:00","date_gmt":"2016-07-08T14:05:00","guid":{"rendered":"http:\/\/blogdoedvaldomagalhaes.com.br\/index.php\/2016\/07\/08\/banco-que-recusar-boleto-de-outra\/"},"modified":"2019-02-09T00:47:08","modified_gmt":"2019-02-09T02:47:08","slug":"banco-que-recusar-boleto-de-outra","status":"publish","type":"post","link":"https:\/\/blogdoedvaldomagalhaes.com.br\/index.php\/2016\/07\/08\/banco-que-recusar-boleto-de-outra\/","title":{"rendered":"Banco que recusar boleto de outra institui\u00e7\u00e3o deve ser denunciado"},"content":{"rendered":"<div class=\"separator\" style=\"clear: both; text-align: center;\">\n<a href=\"https:\/\/3.bp.blogspot.com\/-FHGPzc1-reA\/V3-H2pHPeSI\/AAAAAAAABy4\/Rx-dfWWkB9IKWCDeOOxmA72JlTIEDvyvwCLcB\/s1600\/procon.jpg\" imageanchor=\"1\" style=\"margin-left: 1em; margin-right: 1em;\"><img loading=\"lazy\" decoding=\"async\" border=\"0\" height=\"210\" src=\"http:\/\/blogdoedvaldomagalhaes.com.br\/wp-content\/uploads\/2016\/07\/procon.jpg\" width=\"400\" \/><\/a><\/div>\n<div class=\"MsoNormal\" style=\"background-color: white; font-family: Calibri, Arial, Helvetica, sans-serif; font-size: 16px;\">\n<\/div>\n<div class=\"MsoNormal\" style=\"background-color: white; font-family: Calibri, Arial, Helvetica, sans-serif; font-size: 16px; text-align: justify;\">\nO Procon Caruaru alerta os consumidores em rela\u00e7\u00e3o a uma pr\u00e1tica que vem sendo utilizada por institui\u00e7\u00f5es banc\u00e1rias locais. Caso o consumidor esteja com um boleto dentro da data de vencimento, ele pode efetuar esse pagamento em \u201cqualquer banco\u201d que desejar. Ou seja, nenhum banco pode rejeitar o recebimento de pagamento de boleto com a justificativa de ser de outra institui\u00e7\u00e3o, desde que este boleto esteja dentro da data de vencimento. Apenas ap\u00f3s o vencimento do prazo de pagamento do t\u00edtulo \u00e9 que o consumidor fica condicionado a pagar apenas no banco indicado no boleto.<\/div>\n<div class=\"MsoNormal\" style=\"background-color: white; font-family: Calibri, Arial, Helvetica, sans-serif; font-size: 16px; text-align: justify;\">\n<\/div>\n<div class=\"MsoNormal\" style=\"background-color: white; font-family: Calibri, Arial, Helvetica, sans-serif; font-size: 16px; text-align: justify;\">\nO Procon acrescenta ainda que quando ocorrer tal situa\u00e7\u00e3o o consumidor deve abrir uma reclama\u00e7\u00e3o no \u00f3rg\u00e3o, para que possa atual da maneira adequada e o registro seja contabilizado. \u201cN\u00f3s sabemos que este tipo de coisa acontece com bastante frequ\u00eancia, por\u00e9m pouca gente vem at\u00e9 o Procon para reclamar. Nossa atua\u00e7\u00e3o junto aos bancos tem sido bem eficaz, com o objetivo de melhorar a vida do consumidor, fazendo valer o C\u00f3digo de Defesa do Consumidor. Mas \u00e9 necess\u00e1rio que o consumidor nos ajude, informando quando algum desrespeito aos seus direitos acontecer\u201d, acrescenta o diretor do Procon Caruaru, Adenildo Batista.&nbsp;&nbsp;&nbsp;&nbsp;&nbsp;&nbsp;<\/div>\n<div class=\"MsoNormal\" style=\"background-color: white; font-family: Calibri, Arial, Helvetica, sans-serif; font-size: 16px; margin-bottom: 0.0001pt; text-align: justify;\">\n<\/div>\n","protected":false},"excerpt":{"rendered":"<p>O Procon Caruaru alerta os consumidores em rela\u00e7\u00e3o a uma pr\u00e1tica que vem sendo utilizada por institui\u00e7\u00f5es banc\u00e1rias locais. Caso&hellip;<\/p>\n","protected":false},"author":1,"featured_media":0,"comment_status":"open","ping_status":"open","sticky":false,"template":"","format":"standard","meta":{"footnotes":""},"categories":[1],"tags":[9852,2,1950,13695],"class_list":["post-9075","post","type-post","status-publish","format-standard","hentry","category-sem-categoria","tag-adenildo-batista","tag-blog-do-edvaldo-magalhaes","tag-noticias-de-caruaru","tag-procon"],"_links":{"self":[{"href":"https:\/\/blogdoedvaldomagalhaes.com.br\/index.php\/wp-json\/wp\/v2\/posts\/9075","targetHints":{"allow":["GET"]}}],"collection":[{"href":"https:\/\/blogdoedvaldomagalhaes.com.br\/index.php\/wp-json\/wp\/v2\/posts"}],"about":[{"href":"https:\/\/blogdoedvaldomagalhaes.com.br\/index.php\/wp-json\/wp\/v2\/types\/post"}],"author":[{"embeddable":true,"href":"https:\/\/blogdoedvaldomagalhaes.com.br\/index.php\/wp-json\/wp\/v2\/users\/1"}],"replies":[{"embeddable":true,"href":"https:\/\/blogdoedvaldomagalhaes.com.br\/index.php\/wp-json\/wp\/v2\/comments?post=9075"}],"version-history":[{"count":1,"href":"https:\/\/blogdoedvaldomagalhaes.com.br\/index.php\/wp-json\/wp\/v2\/posts\/9075\/revisions"}],"predecessor-version":[{"id":10063,"href":"https:\/\/blogdoedvaldomagalhaes.com.br\/index.php\/wp-json\/wp\/v2\/posts\/9075\/revisions\/10063"}],"wp:attachment":[{"href":"https:\/\/blogdoedvaldomagalhaes.com.br\/index.php\/wp-json\/wp\/v2\/media?parent=9075"}],"wp:term":[{"taxonomy":"category","embeddable":true,"href":"https:\/\/blogdoedvaldomagalhaes.com.br\/index.php\/wp-json\/wp\/v2\/categories?post=9075"},{"taxonomy":"post_tag","embeddable":true,"href":"https:\/\/blogdoedvaldomagalhaes.com.br\/index.php\/wp-json\/wp\/v2\/tags?post=9075"}],"curies":[{"name":"wp","href":"https:\/\/api.w.org\/{rel}","templated":true}]}}