{"id":90728,"date":"2022-12-12T12:18:34","date_gmt":"2022-12-12T15:18:34","guid":{"rendered":"https:\/\/blogdoedvaldomagalhaes.com.br\/?p=90728"},"modified":"2022-12-12T12:18:36","modified_gmt":"2022-12-12T15:18:36","slug":"1a-caominhada-dezembro-verde-reune-varios-animais-e-tutores-em-caruaru","status":"publish","type":"post","link":"https:\/\/blogdoedvaldomagalhaes.com.br\/index.php\/2022\/12\/12\/1a-caominhada-dezembro-verde-reune-varios-animais-e-tutores-em-caruaru\/","title":{"rendered":"1\u00aa C\u00e3ominhada Dezembro Verde re\u00fane v\u00e1rios animais e tutores em Caruaru"},"content":{"rendered":"<p style=\"text-align: justify;\"><span style=\"color: initial; font-size: revert;\">A manh\u00e3 desse domingo (11), em Caruaru, foi marcada pela 1\u00aa C\u00e3ominhada Dezembro Verde, no P\u00e1tio de Eventos Luiz Gonzaga. O evento foi um sucesso e contou com a participa\u00e7\u00e3o de diversos tutores com seus pets, num momento de confraterniza\u00e7\u00e3o e conscientiza\u00e7\u00e3o contra o abandono e maus-tratos aos animais. A iniciativa, realizada pelo vereador Anderson Correia (PP), contou com o apoio da Prefeitura de Caruaru, que disponibilizou, por meio da Secretaria de Sa\u00fade, vacinas antirr\u00e1bicas para diversos c\u00e3es que estiveram no evento.<\/span><\/p>\n<p style=\"text-align: justify;\">Criador do projeto, o vereador Anderson Correia ressaltou a import\u00e2ncia do evento para a conscientiza\u00e7\u00e3o da popula\u00e7\u00e3o quanto ao Dezembro Verde. \u201cA C\u00e3ominhada foi um sucesso gra\u00e7as a todos que apoiaram essa ideia. Foi um momento de confraterniza\u00e7\u00e3o e de alerta para algo que j\u00e1 fazemos o ano inteiro no nosso mandato, que \u00e9 a luta contra os maus-tratos e o abandono de animais. Quero agradecer a todos que nos apoiaram, aos nossos parceiros, ao Poder Executivo e a minha equipe por todo trabalho executado com \u00eaxito. Ano que vem tem mais, vamos seguir firmes em prol dos animais n\u00e3o-humanos do nosso munic\u00edpio\u201d, destacou o edil.<\/p>\n\n\n<figure class=\"wp-block-image size-large\"><img loading=\"lazy\" decoding=\"async\" width=\"1024\" height=\"988\" src=\"https:\/\/blogdoedvaldomagalhaes.com.br\/wp-content\/uploads\/2022\/12\/IMG-20221212-WA0071-1024x988.jpg\" alt=\"\" class=\"wp-image-90730\" srcset=\"https:\/\/blogdoedvaldomagalhaes.com.br\/wp-content\/uploads\/2022\/12\/IMG-20221212-WA0071-1024x988.jpg 1024w, https:\/\/blogdoedvaldomagalhaes.com.br\/wp-content\/uploads\/2022\/12\/IMG-20221212-WA0071-300x289.jpg 300w, https:\/\/blogdoedvaldomagalhaes.com.br\/wp-content\/uploads\/2022\/12\/IMG-20221212-WA0071-768x741.jpg 768w, https:\/\/blogdoedvaldomagalhaes.com.br\/wp-content\/uploads\/2022\/12\/IMG-20221212-WA0071.jpg 1280w\" sizes=\"auto, (max-width: 1024px) 100vw, 1024px\" \/><figcaption>Fotos:: Divulga\u00e7\u00e3o <\/figcaption><\/figure>\n","protected":false},"excerpt":{"rendered":"<p>A manh\u00e3 desse domingo (11), em Caruaru, foi marcada pela 1\u00aa C\u00e3ominhada Dezembro Verde, no P\u00e1tio de Eventos Luiz Gonzaga.&hellip;<\/p>\n","protected":false},"author":1,"featured_media":90729,"comment_status":"closed","ping_status":"open","sticky":false,"template":"","format":"standard","meta":{"footnotes":""},"categories":[14122],"tags":[26284,2,19532,3406],"class_list":["post-90728","post","type-post","status-publish","format-standard","has-post-thumbnail","hentry","category-politica","tag-1a-caominhada-dezembro-verde-reune-varios-animais-e-tutores-em-caruaru","tag-blog-do-edvaldo-magalhaes","tag-blog-mais-acessado-e-visualizado-de-caruaru-e-regiao","tag-caruaru"],"_links":{"self":[{"href":"https:\/\/blogdoedvaldomagalhaes.com.br\/index.php\/wp-json\/wp\/v2\/posts\/90728","targetHints":{"allow":["GET"]}}],"collection":[{"href":"https:\/\/blogdoedvaldomagalhaes.com.br\/index.php\/wp-json\/wp\/v2\/posts"}],"about":[{"href":"https:\/\/blogdoedvaldomagalhaes.com.br\/index.php\/wp-json\/wp\/v2\/types\/post"}],"author":[{"embeddable":true,"href":"https:\/\/blogdoedvaldomagalhaes.com.br\/index.php\/wp-json\/wp\/v2\/users\/1"}],"replies":[{"embeddable":true,"href":"https:\/\/blogdoedvaldomagalhaes.com.br\/index.php\/wp-json\/wp\/v2\/comments?post=90728"}],"version-history":[{"count":1,"href":"https:\/\/blogdoedvaldomagalhaes.com.br\/index.php\/wp-json\/wp\/v2\/posts\/90728\/revisions"}],"predecessor-version":[{"id":90731,"href":"https:\/\/blogdoedvaldomagalhaes.com.br\/index.php\/wp-json\/wp\/v2\/posts\/90728\/revisions\/90731"}],"wp:featuredmedia":[{"embeddable":true,"href":"https:\/\/blogdoedvaldomagalhaes.com.br\/index.php\/wp-json\/wp\/v2\/media\/90729"}],"wp:attachment":[{"href":"https:\/\/blogdoedvaldomagalhaes.com.br\/index.php\/wp-json\/wp\/v2\/media?parent=90728"}],"wp:term":[{"taxonomy":"category","embeddable":true,"href":"https:\/\/blogdoedvaldomagalhaes.com.br\/index.php\/wp-json\/wp\/v2\/categories?post=90728"},{"taxonomy":"post_tag","embeddable":true,"href":"https:\/\/blogdoedvaldomagalhaes.com.br\/index.php\/wp-json\/wp\/v2\/tags?post=90728"}],"curies":[{"name":"wp","href":"https:\/\/api.w.org\/{rel}","templated":true}]}}