{"id":90702,"date":"2022-12-11T07:08:44","date_gmt":"2022-12-11T10:08:44","guid":{"rendered":"https:\/\/blogdoedvaldomagalhaes.com.br\/?p=90702"},"modified":"2022-12-11T07:29:44","modified_gmt":"2022-12-11T10:29:44","slug":"homem-e-assassinado-dentro-de-carro-em-caruaru","status":"publish","type":"post","link":"https:\/\/blogdoedvaldomagalhaes.com.br\/index.php\/2022\/12\/11\/homem-e-assassinado-dentro-de-carro-em-caruaru\/","title":{"rendered":"Homem \u00e9 assassinado dentro de carro, em Caruaru"},"content":{"rendered":"<p style=\"text-align: justify;\">Um homem foi alvejado a tiros e morto no loteamento Amilson Afonso em Caruaru, nas proximidades do Cemit\u00e9rio Parque dos Arcos.<\/p>\n<p style=\"text-align: justify;\">O crime foi praticado na noite desse s\u00e1bado (10). A v\u00edtima F\u00e1bio Silva de Moura, 39 anos, estava dentro do ve\u00edculo no momento que foi surpreendida. A Pol\u00edcia Militar isolou a \u00e1rea onde o crime foi praticado. Ap\u00f3s os levantamentos cadav\u00e9ricos o corpo foi levado para o IML. A Pol\u00edcia Civil atrav\u00e9s da divis\u00e3o de Homic\u00eddios vai investigar o caso.<\/p>\n<p style=\"text-align: justify;\">Este foi o 6\u00b0 homic\u00eddio no m\u00eas de dezembro, e o 91\u00b0 no ano de 2022, em Caruaru.<\/p>\n<p style=\"text-align: justify;\">Informa\u00e7\u00f5es e foto: Kalebe Pereira.<\/p>\n","protected":false},"excerpt":{"rendered":"<p>Um homem foi alvejado a tiros e morto no loteamento Amilson Afonso em Caruaru, nas proximidades do Cemit\u00e9rio Parque dos&hellip;<\/p>\n","protected":false},"author":1,"featured_media":90703,"comment_status":"closed","ping_status":"open","sticky":false,"template":"","format":"standard","meta":{"footnotes":""},"categories":[14121],"tags":[2,19532,3406,26279,5448],"class_list":["post-90702","post","type-post","status-publish","format-standard","has-post-thumbnail","hentry","category-policial","tag-blog-do-edvaldo-magalhaes","tag-blog-mais-acessado-e-visualizado-de-caruaru-e-regiao","tag-caruaru","tag-homem-e-assassinado-dentro-de-carro-em-caruaru","tag-homicidio"],"_links":{"self":[{"href":"https:\/\/blogdoedvaldomagalhaes.com.br\/index.php\/wp-json\/wp\/v2\/posts\/90702","targetHints":{"allow":["GET"]}}],"collection":[{"href":"https:\/\/blogdoedvaldomagalhaes.com.br\/index.php\/wp-json\/wp\/v2\/posts"}],"about":[{"href":"https:\/\/blogdoedvaldomagalhaes.com.br\/index.php\/wp-json\/wp\/v2\/types\/post"}],"author":[{"embeddable":true,"href":"https:\/\/blogdoedvaldomagalhaes.com.br\/index.php\/wp-json\/wp\/v2\/users\/1"}],"replies":[{"embeddable":true,"href":"https:\/\/blogdoedvaldomagalhaes.com.br\/index.php\/wp-json\/wp\/v2\/comments?post=90702"}],"version-history":[{"count":2,"href":"https:\/\/blogdoedvaldomagalhaes.com.br\/index.php\/wp-json\/wp\/v2\/posts\/90702\/revisions"}],"predecessor-version":[{"id":90706,"href":"https:\/\/blogdoedvaldomagalhaes.com.br\/index.php\/wp-json\/wp\/v2\/posts\/90702\/revisions\/90706"}],"wp:featuredmedia":[{"embeddable":true,"href":"https:\/\/blogdoedvaldomagalhaes.com.br\/index.php\/wp-json\/wp\/v2\/media\/90703"}],"wp:attachment":[{"href":"https:\/\/blogdoedvaldomagalhaes.com.br\/index.php\/wp-json\/wp\/v2\/media?parent=90702"}],"wp:term":[{"taxonomy":"category","embeddable":true,"href":"https:\/\/blogdoedvaldomagalhaes.com.br\/index.php\/wp-json\/wp\/v2\/categories?post=90702"},{"taxonomy":"post_tag","embeddable":true,"href":"https:\/\/blogdoedvaldomagalhaes.com.br\/index.php\/wp-json\/wp\/v2\/tags?post=90702"}],"curies":[{"name":"wp","href":"https:\/\/api.w.org\/{rel}","templated":true}]}}