{"id":907,"date":"2018-10-25T02:54:00","date_gmt":"2018-10-25T04:54:00","guid":{"rendered":"http:\/\/blogdoedvaldomagalhaes.com.br\/index.php\/2018\/10\/25\/briga-entre-detentos-deixa-dois-mortos\/"},"modified":"2019-02-09T02:36:44","modified_gmt":"2019-02-09T04:36:44","slug":"briga-entre-detentos-deixa-dois-mortos","status":"publish","type":"post","link":"https:\/\/blogdoedvaldomagalhaes.com.br\/index.php\/2018\/10\/25\/briga-entre-detentos-deixa-dois-mortos\/","title":{"rendered":"Briga entre detentos deixa dois mortos e um ferido na Penitenci\u00e1ria Barreto Campelo"},"content":{"rendered":"<div class=\"separator\" style=\"clear: both; text-align: center;\">\n<a href=\"https:\/\/4.bp.blogspot.com\/-ORt-RwI95K4\/W9EvmEmZ0AI\/AAAAAAAA8U0\/Ss3-kyEx2xodjAmNgk2Jcyb5VLsc4JmXQCLcBGAs\/s1600\/pres%25C3%25ADdio.jpg\" imageanchor=\"1\" style=\"margin-left: 1em; margin-right: 1em;\"><img loading=\"lazy\" decoding=\"async\" border=\"0\" data-original-height=\"365\" data-original-width=\"475\" height=\"490\" src=\"http:\/\/blogdoedvaldomagalhaes.com.br\/wp-content\/uploads\/2018\/10\/presC3ADdio.jpg\" width=\"640\" \/><\/a><\/div>\n<div style=\"background-color: white; box-sizing: border-box; line-height: 23px; margin-bottom: 10px; text-align: justify;\">\n<div style=\"text-align: center;\">\nFoto: Arthur Mota\/Folha de Pernambuco<\/div>\n<\/div>\n<div style=\"background-color: white; box-sizing: border-box; line-height: 23px; margin-bottom: 10px; text-align: justify;\">\nDois detentos morreram e um ficou ferido durante uma briga na Penitenci\u00e1ria Barreto Campelo, em Itamarac\u00e1, na Regi\u00e3o Metropolitana do Recife, no in\u00edcio da noite desta quarta-feira (24). Segundo a Pol\u00edcia Militar, a confus\u00e3o se deu por conta de uma briga entre presos dentro do pavilh\u00e3o.<\/div>\n<div style=\"background-color: white; box-sizing: border-box; line-height: 23px; margin-bottom: 10px; text-align: justify;\">\nO secret\u00e1rio de Justi\u00e7a e Direitos Humanos de Pernambuco, Pedro Eurico, informou que a situa\u00e7\u00e3o est\u00e1 controlada. Ele tamb\u00e9m confirmou que houve o uso de armas de fogo.<\/p>\n<div class=\"separator\" style=\"clear: both; text-align: center;\">\n<a href=\"https:\/\/1.bp.blogspot.com\/-qSeLbhi5rq8\/W9GaixNwLwI\/AAAAAAAA8VI\/GIdKPpVoX2sn1JPTL1ScIhXLJIthzkF2wCLcBGAs\/s1600\/ed.jpg\" imageanchor=\"1\" style=\"margin-left: 1em; margin-right: 1em;\"><img loading=\"lazy\" decoding=\"async\" border=\"0\" data-original-height=\"231\" data-original-width=\"300\" height=\"492\" src=\"http:\/\/blogdoedvaldomagalhaes.com.br\/wp-content\/uploads\/2018\/10\/ed.jpg\" width=\"640\" \/><\/a><\/div>\n<div class=\"separator\" style=\"clear: both; text-align: center;\">\nFoto: Ed Machado\/Folha de Pernambuco<\/div>\n<p><\/div>\n<div style=\"background-color: white; box-sizing: border-box; line-height: 23px; margin-bottom: 10px; text-align: justify;\">\nTr\u00eas presos envolvidos na briga foram levados para o Hospital Miguel Arraes, em Paulista, no Grande Recife. A Penitenci\u00e1ria Barreto Campelo \u00e9 considerada uma unidade prisional de seguran\u00e7a m\u00e1xima.<\/div>\n<div style=\"background-color: white; box-sizing: border-box; line-height: 23px; margin-bottom: 10px; text-align: justify;\">\nInforma\u00e7\u00f5es da R\u00e1dio Liberdade.<\/div>\n","protected":false},"excerpt":{"rendered":"<p>Foto: Arthur Mota\/Folha de Pernambuco Dois detentos morreram e um ficou ferido durante uma briga na Penitenci\u00e1ria Barreto Campelo, em&hellip;<\/p>\n","protected":false},"author":1,"featured_media":0,"comment_status":"open","ping_status":"open","sticky":false,"template":"","format":"standard","meta":{"footnotes":""},"categories":[1],"tags":[2,858,13],"class_list":["post-907","post","type-post","status-publish","format-standard","hentry","category-sem-categoria","tag-blog-do-edvaldo-magalhaes","tag-briga-entre-detentos-deixa-dois-mortos-e-um-ferido-na-penitenciaria-barreto-campelo","tag-policial"],"_links":{"self":[{"href":"https:\/\/blogdoedvaldomagalhaes.com.br\/index.php\/wp-json\/wp\/v2\/posts\/907","targetHints":{"allow":["GET"]}}],"collection":[{"href":"https:\/\/blogdoedvaldomagalhaes.com.br\/index.php\/wp-json\/wp\/v2\/posts"}],"about":[{"href":"https:\/\/blogdoedvaldomagalhaes.com.br\/index.php\/wp-json\/wp\/v2\/types\/post"}],"author":[{"embeddable":true,"href":"https:\/\/blogdoedvaldomagalhaes.com.br\/index.php\/wp-json\/wp\/v2\/users\/1"}],"replies":[{"embeddable":true,"href":"https:\/\/blogdoedvaldomagalhaes.com.br\/index.php\/wp-json\/wp\/v2\/comments?post=907"}],"version-history":[{"count":1,"href":"https:\/\/blogdoedvaldomagalhaes.com.br\/index.php\/wp-json\/wp\/v2\/posts\/907\/revisions"}],"predecessor-version":[{"id":35232,"href":"https:\/\/blogdoedvaldomagalhaes.com.br\/index.php\/wp-json\/wp\/v2\/posts\/907\/revisions\/35232"}],"wp:attachment":[{"href":"https:\/\/blogdoedvaldomagalhaes.com.br\/index.php\/wp-json\/wp\/v2\/media?parent=907"}],"wp:term":[{"taxonomy":"category","embeddable":true,"href":"https:\/\/blogdoedvaldomagalhaes.com.br\/index.php\/wp-json\/wp\/v2\/categories?post=907"},{"taxonomy":"post_tag","embeddable":true,"href":"https:\/\/blogdoedvaldomagalhaes.com.br\/index.php\/wp-json\/wp\/v2\/tags?post=907"}],"curies":[{"name":"wp","href":"https:\/\/api.w.org\/{rel}","templated":true}]}}