{"id":90697,"date":"2022-12-10T13:30:18","date_gmt":"2022-12-10T16:30:18","guid":{"rendered":"https:\/\/blogdoedvaldomagalhaes.com.br\/?p=90697"},"modified":"2022-12-10T13:30:19","modified_gmt":"2022-12-10T16:30:19","slug":"empresario-lenilson-torres-atende-pedido-da-associacao-e-coloca-placas-nas-rodovias-indicando-feira-da-sulanca-de-caruaru","status":"publish","type":"post","link":"https:\/\/blogdoedvaldomagalhaes.com.br\/index.php\/2022\/12\/10\/empresario-lenilson-torres-atende-pedido-da-associacao-e-coloca-placas-nas-rodovias-indicando-feira-da-sulanca-de-caruaru\/","title":{"rendered":"Empres\u00e1rio Lenilson T\u00f4rres atende pedido da associa\u00e7\u00e3o e coloca placas nas rodovias indicando Feira da Sulanca de Caruaru"},"content":{"rendered":"<p style=\"text-align: justify;\">O empres\u00e1rio Lenilson T\u00f4rres atendeu um pedido da Associa\u00e7\u00e3o dos Sulanqueiros de Caruaru, e mandou sinalizar \u00e0s rodovias que d\u00e3o acesso a cidade com mais de dez placas indicando a Feira da Sulanca de Caruaru.<\/p>\n<p style=\"text-align: justify;\">O empres\u00e1rio Lenilson T\u00f4rres tem investido na cidade, sendo respons\u00e1vel pelo setor Fundac da Feira da Sulanca, com uma grande infraestrutura, dando condi\u00e7\u00f5es dignas aos sulanqueiros e sacoleiros.<\/p>\n\n\n<figure class=\"wp-block-image size-full\"><img loading=\"lazy\" decoding=\"async\" width=\"1024\" height=\"768\" src=\"https:\/\/blogdoedvaldomagalhaes.com.br\/wp-content\/uploads\/2022\/12\/IMG-20221210-WA0034.jpg\" alt=\"\" class=\"wp-image-90699\" srcset=\"https:\/\/blogdoedvaldomagalhaes.com.br\/wp-content\/uploads\/2022\/12\/IMG-20221210-WA0034.jpg 1024w, https:\/\/blogdoedvaldomagalhaes.com.br\/wp-content\/uploads\/2022\/12\/IMG-20221210-WA0034-300x225.jpg 300w, https:\/\/blogdoedvaldomagalhaes.com.br\/wp-content\/uploads\/2022\/12\/IMG-20221210-WA0034-768x576.jpg 768w, https:\/\/blogdoedvaldomagalhaes.com.br\/wp-content\/uploads\/2022\/12\/IMG-20221210-WA0034-160x120.jpg 160w\" sizes=\"auto, (max-width: 1024px) 100vw, 1024px\" \/><\/figure>\n\n\n\n<p><\/p>\n\n\n\n<figure class=\"wp-block-image size-full\"><img loading=\"lazy\" decoding=\"async\" width=\"1024\" height=\"768\" src=\"https:\/\/blogdoedvaldomagalhaes.com.br\/wp-content\/uploads\/2022\/12\/IMG-20221210-WA0037.jpg\" alt=\"\" class=\"wp-image-90700\" srcset=\"https:\/\/blogdoedvaldomagalhaes.com.br\/wp-content\/uploads\/2022\/12\/IMG-20221210-WA0037.jpg 1024w, https:\/\/blogdoedvaldomagalhaes.com.br\/wp-content\/uploads\/2022\/12\/IMG-20221210-WA0037-300x225.jpg 300w, https:\/\/blogdoedvaldomagalhaes.com.br\/wp-content\/uploads\/2022\/12\/IMG-20221210-WA0037-768x576.jpg 768w, https:\/\/blogdoedvaldomagalhaes.com.br\/wp-content\/uploads\/2022\/12\/IMG-20221210-WA0037-160x120.jpg 160w\" sizes=\"auto, (max-width: 1024px) 100vw, 1024px\" \/><figcaption>Fotos: Divulga\u00e7\u00e3o <\/figcaption><\/figure>\n","protected":false},"excerpt":{"rendered":"<p>O empres\u00e1rio Lenilson T\u00f4rres atendeu um pedido da Associa\u00e7\u00e3o dos Sulanqueiros de Caruaru, e mandou sinalizar \u00e0s rodovias que d\u00e3o&hellip;<\/p>\n","protected":false},"author":1,"featured_media":90698,"comment_status":"closed","ping_status":"open","sticky":false,"template":"","format":"standard","meta":{"footnotes":""},"categories":[14120],"tags":[2,19532,3406,26278],"class_list":["post-90697","post","type-post","status-publish","format-standard","has-post-thumbnail","hentry","category-noticias","tag-blog-do-edvaldo-magalhaes","tag-blog-mais-acessado-e-visualizado-de-caruaru-e-regiao","tag-caruaru","tag-empresario-lenilson-torres-atende-pedido-da-associacao-e-coloca-placas-nas-rodovias-indicando-feira-da-sulanca-de-caruaru"],"_links":{"self":[{"href":"https:\/\/blogdoedvaldomagalhaes.com.br\/index.php\/wp-json\/wp\/v2\/posts\/90697","targetHints":{"allow":["GET"]}}],"collection":[{"href":"https:\/\/blogdoedvaldomagalhaes.com.br\/index.php\/wp-json\/wp\/v2\/posts"}],"about":[{"href":"https:\/\/blogdoedvaldomagalhaes.com.br\/index.php\/wp-json\/wp\/v2\/types\/post"}],"author":[{"embeddable":true,"href":"https:\/\/blogdoedvaldomagalhaes.com.br\/index.php\/wp-json\/wp\/v2\/users\/1"}],"replies":[{"embeddable":true,"href":"https:\/\/blogdoedvaldomagalhaes.com.br\/index.php\/wp-json\/wp\/v2\/comments?post=90697"}],"version-history":[{"count":1,"href":"https:\/\/blogdoedvaldomagalhaes.com.br\/index.php\/wp-json\/wp\/v2\/posts\/90697\/revisions"}],"predecessor-version":[{"id":90701,"href":"https:\/\/blogdoedvaldomagalhaes.com.br\/index.php\/wp-json\/wp\/v2\/posts\/90697\/revisions\/90701"}],"wp:featuredmedia":[{"embeddable":true,"href":"https:\/\/blogdoedvaldomagalhaes.com.br\/index.php\/wp-json\/wp\/v2\/media\/90698"}],"wp:attachment":[{"href":"https:\/\/blogdoedvaldomagalhaes.com.br\/index.php\/wp-json\/wp\/v2\/media?parent=90697"}],"wp:term":[{"taxonomy":"category","embeddable":true,"href":"https:\/\/blogdoedvaldomagalhaes.com.br\/index.php\/wp-json\/wp\/v2\/categories?post=90697"},{"taxonomy":"post_tag","embeddable":true,"href":"https:\/\/blogdoedvaldomagalhaes.com.br\/index.php\/wp-json\/wp\/v2\/tags?post=90697"}],"curies":[{"name":"wp","href":"https:\/\/api.w.org\/{rel}","templated":true}]}}