{"id":90693,"date":"2022-12-10T12:44:56","date_gmt":"2022-12-10T15:44:56","guid":{"rendered":"https:\/\/blogdoedvaldomagalhaes.com.br\/?p=90693"},"modified":"2022-12-10T12:46:57","modified_gmt":"2022-12-10T15:46:57","slug":"vereador-leonardo-chaves-solicita-obra-relevante-tanto-para-caruaru-quanto-para-brejo-da-madre-de-deus","status":"publish","type":"post","link":"https:\/\/blogdoedvaldomagalhaes.com.br\/index.php\/2022\/12\/10\/vereador-leonardo-chaves-solicita-obra-relevante-tanto-para-caruaru-quanto-para-brejo-da-madre-de-deus\/","title":{"rendered":"Vereador Leonardo Chaves solicita obra relevante tanto para Caruaru quanto para Brejo da Madre de Deus"},"content":{"rendered":"<p style=\"text-align: justify;\"><span style=\"font-size: revert; color: initial;\">Uma reclama\u00e7\u00e3o antiga da popula\u00e7\u00e3o residente na comunidade de Cachoeira de Tabocas em Caruaru e a comunidade de Cachoeira de Manda\u00e7aia, em Brejo da Madre de Deus. \u00c9 a necessidade da constru\u00e7\u00e3o de uma ponte que integre as duas comunidades.<\/span><\/p>\n<p style=\"text-align: justify;\">A demanda \u00e9 um clamor da popula\u00e7\u00e3o pois existe uma integra\u00e7\u00e3o de alunos que estudam no lado de Caruaru mas se deslocam constantemente entre as citadas localidades. &#8220;As dificuldades s\u00e3o principalmente na \u00e9poca do inverno, onde os alunos ficam impossibilitados de realizar suas atividades e escolares, tendo a necessidade de se deslocarem fazendo um trajeto diferente, ou seja, pela BR-104, pr\u00f3ximo ao Lampi\u00e3o at\u00e9 chegar as escolas&#8221; relata Leonardo.<br \/>\nO requerimento \u00e9 direcionado \u00e0 Rodrigo Pinheiro, prefeito, extensivo ao Secret\u00e1rio de Urbanismo e Obras Senhor Andrews de Melo, para que mantenham um entendimento com o Prefeito do Munic\u00edpio de Brejo da Madre de Deus, Roberto Abraham Abrahamian, que providenciem a constru\u00e7\u00e3o de uma ponte sobre o riacho de Tabocas ligando a comunidade de Cachoeira de Tabocas em Caruaru a comunidade de Cachoeira de Manda\u00e7aia, em Brejo da Madre de Deus. Foto: Vlademir Barreto Rodrigues.<\/p>\n<p>Por Paulo Nailson.<\/p>\n<p style=\"text-align: justify;\">Siga o Instagram do Blog @blogdoedvaldomagalhaes<\/p>\n","protected":false},"excerpt":{"rendered":"<p>Uma reclama\u00e7\u00e3o antiga da popula\u00e7\u00e3o residente na comunidade de Cachoeira de Tabocas em Caruaru e a comunidade de Cachoeira de&hellip;<\/p>\n","protected":false},"author":1,"featured_media":90694,"comment_status":"closed","ping_status":"open","sticky":false,"template":"","format":"standard","meta":{"footnotes":""},"categories":[14122],"tags":[2,19532,3406,26277],"class_list":["post-90693","post","type-post","status-publish","format-standard","has-post-thumbnail","hentry","category-politica","tag-blog-do-edvaldo-magalhaes","tag-blog-mais-acessado-e-visualizado-de-caruaru-e-regiao","tag-caruaru","tag-vereador-leonardo-chaves-solicita-obra-relevante-tanto-para-caruaru-quanto-para-brejo-da-madre-de-deus"],"_links":{"self":[{"href":"https:\/\/blogdoedvaldomagalhaes.com.br\/index.php\/wp-json\/wp\/v2\/posts\/90693","targetHints":{"allow":["GET"]}}],"collection":[{"href":"https:\/\/blogdoedvaldomagalhaes.com.br\/index.php\/wp-json\/wp\/v2\/posts"}],"about":[{"href":"https:\/\/blogdoedvaldomagalhaes.com.br\/index.php\/wp-json\/wp\/v2\/types\/post"}],"author":[{"embeddable":true,"href":"https:\/\/blogdoedvaldomagalhaes.com.br\/index.php\/wp-json\/wp\/v2\/users\/1"}],"replies":[{"embeddable":true,"href":"https:\/\/blogdoedvaldomagalhaes.com.br\/index.php\/wp-json\/wp\/v2\/comments?post=90693"}],"version-history":[{"count":2,"href":"https:\/\/blogdoedvaldomagalhaes.com.br\/index.php\/wp-json\/wp\/v2\/posts\/90693\/revisions"}],"predecessor-version":[{"id":90696,"href":"https:\/\/blogdoedvaldomagalhaes.com.br\/index.php\/wp-json\/wp\/v2\/posts\/90693\/revisions\/90696"}],"wp:featuredmedia":[{"embeddable":true,"href":"https:\/\/blogdoedvaldomagalhaes.com.br\/index.php\/wp-json\/wp\/v2\/media\/90694"}],"wp:attachment":[{"href":"https:\/\/blogdoedvaldomagalhaes.com.br\/index.php\/wp-json\/wp\/v2\/media?parent=90693"}],"wp:term":[{"taxonomy":"category","embeddable":true,"href":"https:\/\/blogdoedvaldomagalhaes.com.br\/index.php\/wp-json\/wp\/v2\/categories?post=90693"},{"taxonomy":"post_tag","embeddable":true,"href":"https:\/\/blogdoedvaldomagalhaes.com.br\/index.php\/wp-json\/wp\/v2\/tags?post=90693"}],"curies":[{"name":"wp","href":"https:\/\/api.w.org\/{rel}","templated":true}]}}