{"id":90684,"date":"2022-12-09T22:17:59","date_gmt":"2022-12-10T01:17:59","guid":{"rendered":"https:\/\/blogdoedvaldomagalhaes.com.br\/?p=90684"},"modified":"2022-12-09T22:18:01","modified_gmt":"2022-12-10T01:18:01","slug":"linhas-de-onibus-serao-unificadas-em-caruaru-a-partir-deste-sabado-10","status":"publish","type":"post","link":"https:\/\/blogdoedvaldomagalhaes.com.br\/index.php\/2022\/12\/09\/linhas-de-onibus-serao-unificadas-em-caruaru-a-partir-deste-sabado-10\/","title":{"rendered":"Linhas de \u00f4nibus ser\u00e3o unificadas em Caruaru, a partir deste s\u00e1bado (10)"},"content":{"rendered":"<p style=\"text-align: justify;\"><span style=\"color: initial; font-size: revert;\">A Autarquia de Mobilidade, Tr\u00e2nsito e Transportes de Caruaru (AMTTC) informa que, a partir deste s\u00e1bado (10), as linhas 110 (S\u00e3o Jos\u00e9) e 138 (Luiz Gonzaga\/Severino Afonso) ser\u00e3o unificadas, passando a ser chamada de linha 110 (S\u00e3o Jos\u00e9\/Centro Administrativo). O objetivo da unifica\u00e7\u00e3o \u00e9 ligar bairros mais distantes e proporcionar ao usu\u00e1rio maior rapidez no deslocamento durante a opera\u00e7\u00e3o da rota.<\/span><\/p>\n<p style=\"text-align: justify;\">O ponto inicial da linha ser\u00e1 no Centro Administrativo, localizado no bairro Universit\u00e1rio. O bairro Severino Afonso ser\u00e1 contemplado durante os hor\u00e1rios de pico, facilitando a ida e volta de quem vai trabalhar. Foto: Divulga\u00e7\u00e3o.<\/p>\n<p style=\"text-align: justify;\">Siga o Instagram do Blog @blogdoedvaldomagalhaes<\/p>\n<p style=\"text-align: justify;\">\n","protected":false},"excerpt":{"rendered":"<p>A Autarquia de Mobilidade, Tr\u00e2nsito e Transportes de Caruaru (AMTTC) informa que, a partir deste s\u00e1bado (10), as linhas 110&hellip;<\/p>\n","protected":false},"author":1,"featured_media":90685,"comment_status":"closed","ping_status":"open","sticky":false,"template":"","format":"standard","meta":{"footnotes":""},"categories":[14120],"tags":[2,19532,3406,26275],"class_list":["post-90684","post","type-post","status-publish","format-standard","has-post-thumbnail","hentry","category-noticias","tag-blog-do-edvaldo-magalhaes","tag-blog-mais-acessado-e-visualizado-de-caruaru-e-regiao","tag-caruaru","tag-linhas-de-onibus-serao-unificadas-em-caruaru-a-partir-deste-sabado-10"],"_links":{"self":[{"href":"https:\/\/blogdoedvaldomagalhaes.com.br\/index.php\/wp-json\/wp\/v2\/posts\/90684","targetHints":{"allow":["GET"]}}],"collection":[{"href":"https:\/\/blogdoedvaldomagalhaes.com.br\/index.php\/wp-json\/wp\/v2\/posts"}],"about":[{"href":"https:\/\/blogdoedvaldomagalhaes.com.br\/index.php\/wp-json\/wp\/v2\/types\/post"}],"author":[{"embeddable":true,"href":"https:\/\/blogdoedvaldomagalhaes.com.br\/index.php\/wp-json\/wp\/v2\/users\/1"}],"replies":[{"embeddable":true,"href":"https:\/\/blogdoedvaldomagalhaes.com.br\/index.php\/wp-json\/wp\/v2\/comments?post=90684"}],"version-history":[{"count":1,"href":"https:\/\/blogdoedvaldomagalhaes.com.br\/index.php\/wp-json\/wp\/v2\/posts\/90684\/revisions"}],"predecessor-version":[{"id":90686,"href":"https:\/\/blogdoedvaldomagalhaes.com.br\/index.php\/wp-json\/wp\/v2\/posts\/90684\/revisions\/90686"}],"wp:featuredmedia":[{"embeddable":true,"href":"https:\/\/blogdoedvaldomagalhaes.com.br\/index.php\/wp-json\/wp\/v2\/media\/90685"}],"wp:attachment":[{"href":"https:\/\/blogdoedvaldomagalhaes.com.br\/index.php\/wp-json\/wp\/v2\/media?parent=90684"}],"wp:term":[{"taxonomy":"category","embeddable":true,"href":"https:\/\/blogdoedvaldomagalhaes.com.br\/index.php\/wp-json\/wp\/v2\/categories?post=90684"},{"taxonomy":"post_tag","embeddable":true,"href":"https:\/\/blogdoedvaldomagalhaes.com.br\/index.php\/wp-json\/wp\/v2\/tags?post=90684"}],"curies":[{"name":"wp","href":"https:\/\/api.w.org\/{rel}","templated":true}]}}