{"id":90681,"date":"2022-12-09T22:04:24","date_gmt":"2022-12-10T01:04:24","guid":{"rendered":"https:\/\/blogdoedvaldomagalhaes.com.br\/?p=90681"},"modified":"2022-12-09T22:04:25","modified_gmt":"2022-12-10T01:04:25","slug":"posto-avancado-na-cdl-caruaru-tem-horario-estendido-e-vai-funcionar-aos-sabados","status":"publish","type":"post","link":"https:\/\/blogdoedvaldomagalhaes.com.br\/index.php\/2022\/12\/09\/posto-avancado-na-cdl-caruaru-tem-horario-estendido-e-vai-funcionar-aos-sabados\/","title":{"rendered":"Posto Avan\u00e7ado na CDL Caruaru tem hor\u00e1rio estendido, e vai funcionar aos s\u00e1bados"},"content":{"rendered":"<p style=\"text-align: justify;\"><span style=\"font-size: revert; color: initial;\">A Secretaria da Fazenda (Sefaz), informa que o Posto Avan\u00e7ado, localizado na C\u00e2mara dos Dirigentes Lojistas (CDL), estar\u00e1 funcionando, a partir de segunda-feira (12) em hor\u00e1rio especial. Os atendimentos ser\u00e3o de segunda a sexta-feira, das 8h \u00e0s 20h, e aos s\u00e1bados das 8h \u00e0s 13h, at\u00e9 o dia 30. O Posto Avan\u00e7ado da Sefaz fica na Rua Floriano Peixoto, 85, Centro.<\/span><\/p>\n<p style=\"text-align: justify;\">A altera\u00e7\u00e3o no hor\u00e1rio \u00e9 para os contribuintes regularizarem os pagamentos de d\u00e9bitos junto ao munic\u00edpio at\u00e9 o dia 30 de dezembro, j\u00e1 que este ser\u00e1 o \u00faltimo ano do programa de Recupera\u00e7\u00e3o Fiscal de Caruaru (Refis). Em 2023, este tipo de negocia\u00e7\u00e3o com o Refis n\u00e3o estar\u00e1 mais em vigor.<\/p>\n<p style=\"text-align: justify;\">As pessoas f\u00edsicas ou jur\u00eddicas que aderirem ao Refis 2022 poder\u00e3o aproveitar os benef\u00edcios de parcelarem seus d\u00e9bitos em at\u00e9 60 vezes e obter descontos de at\u00e9 100% nos juros e multa, at\u00e9 o dia 30 de dezembro.<\/p>\n<p style=\"text-align: justify;\">IPTU 2023<\/p>\n<p style=\"text-align: justify;\">A Sefaz divulgou o calend\u00e1rio para o pagamento do Imposto sobre a Propriedade Predial e Territorial Urbana (IPTU), relativo ao exerc\u00edcio do ano de 2023. Os descontos, para pagamento em cota \u00fanica, podem chegar at\u00e9 30%. O contribuinte ainda ter\u00e1 a op\u00e7\u00e3o do pagamento em dez vezes.<\/p>\n<p style=\"text-align: justify;\">Ser\u00e3o concedidos descontos para pagamento em parcela \u00fanica nos seguintes percentuais:<br \/>\n\u2013 30% sobre o valor total do IPTU 2023, para pagamento em cota \u00fanica at\u00e9 31.01.2023;<br \/>\n\u2013 20% sobre o valor total do IPTU 2023, para pagamento em cota \u00fanica at\u00e9 28.02.2023;<br \/>\n\u2013 10% sobre o valor total do IPTU 2023, para pagamento em cota \u00fanica at\u00e9 31.03.2023.<\/p>\n<p style=\"text-align: justify;\">Para o contribuinte que optar pelo pagamento parcelado, a primeira parcela vencer\u00e1 em 31 de janeiro de 2023 e a \u00faltima em 31 de outubro de 2023.<\/p>\n<p style=\"text-align: justify;\">A sede da Secretaria da Fazenda de Caruaru (Sefaz) est\u00e1 localizada na Rua Professor Lourival Vilanova, 118, Bairro Universit\u00e1rio.<br \/>\nOutras informa\u00e7\u00f5es:(81) 9 8384-5383 \/ (81) 9 8384-5637.<\/p>\n<p style=\"text-align: justify;\">Foto: Jorge Farias\/PMC.<\/p>\n<p style=\"text-align: justify;\">Siga o Instagram do Blog @blogdoedvaldomagalhaes<\/p>\n","protected":false},"excerpt":{"rendered":"<p>A Secretaria da Fazenda (Sefaz), informa que o Posto Avan\u00e7ado, localizado na C\u00e2mara dos Dirigentes Lojistas (CDL), estar\u00e1 funcionando, a&hellip;<\/p>\n","protected":false},"author":1,"featured_media":90682,"comment_status":"closed","ping_status":"open","sticky":false,"template":"","format":"standard","meta":{"footnotes":""},"categories":[14120],"tags":[2,19532,3406,26274],"class_list":["post-90681","post","type-post","status-publish","format-standard","has-post-thumbnail","hentry","category-noticias","tag-blog-do-edvaldo-magalhaes","tag-blog-mais-acessado-e-visualizado-de-caruaru-e-regiao","tag-caruaru","tag-posto-avancado-na-cdl-caruaru-tem-horario-estendido-e-vai-funcionar-aos-sabados"],"_links":{"self":[{"href":"https:\/\/blogdoedvaldomagalhaes.com.br\/index.php\/wp-json\/wp\/v2\/posts\/90681","targetHints":{"allow":["GET"]}}],"collection":[{"href":"https:\/\/blogdoedvaldomagalhaes.com.br\/index.php\/wp-json\/wp\/v2\/posts"}],"about":[{"href":"https:\/\/blogdoedvaldomagalhaes.com.br\/index.php\/wp-json\/wp\/v2\/types\/post"}],"author":[{"embeddable":true,"href":"https:\/\/blogdoedvaldomagalhaes.com.br\/index.php\/wp-json\/wp\/v2\/users\/1"}],"replies":[{"embeddable":true,"href":"https:\/\/blogdoedvaldomagalhaes.com.br\/index.php\/wp-json\/wp\/v2\/comments?post=90681"}],"version-history":[{"count":1,"href":"https:\/\/blogdoedvaldomagalhaes.com.br\/index.php\/wp-json\/wp\/v2\/posts\/90681\/revisions"}],"predecessor-version":[{"id":90683,"href":"https:\/\/blogdoedvaldomagalhaes.com.br\/index.php\/wp-json\/wp\/v2\/posts\/90681\/revisions\/90683"}],"wp:featuredmedia":[{"embeddable":true,"href":"https:\/\/blogdoedvaldomagalhaes.com.br\/index.php\/wp-json\/wp\/v2\/media\/90682"}],"wp:attachment":[{"href":"https:\/\/blogdoedvaldomagalhaes.com.br\/index.php\/wp-json\/wp\/v2\/media?parent=90681"}],"wp:term":[{"taxonomy":"category","embeddable":true,"href":"https:\/\/blogdoedvaldomagalhaes.com.br\/index.php\/wp-json\/wp\/v2\/categories?post=90681"},{"taxonomy":"post_tag","embeddable":true,"href":"https:\/\/blogdoedvaldomagalhaes.com.br\/index.php\/wp-json\/wp\/v2\/tags?post=90681"}],"curies":[{"name":"wp","href":"https:\/\/api.w.org\/{rel}","templated":true}]}}