{"id":90678,"date":"2022-12-09T21:50:47","date_gmt":"2022-12-10T00:50:47","guid":{"rendered":"https:\/\/blogdoedvaldomagalhaes.com.br\/?p=90678"},"modified":"2022-12-09T21:50:48","modified_gmt":"2022-12-10T00:50:48","slug":"inscricoes-abertas-para-oficinas-de-empreendedorismo-feminino-em-caruaru","status":"publish","type":"post","link":"https:\/\/blogdoedvaldomagalhaes.com.br\/index.php\/2022\/12\/09\/inscricoes-abertas-para-oficinas-de-empreendedorismo-feminino-em-caruaru\/","title":{"rendered":"Inscri\u00e7\u00f5es abertas para oficinas de empreendedorismo feminino, em Caruaru"},"content":{"rendered":"<p style=\"text-align: justify;\"><span style=\"color: initial; font-size: revert;\">A Secretaria de Pol\u00edticas para Mulheres (SPM), estar\u00e1 oferecendo oficinas, durante a pr\u00f3xima semana, que visam incentivar o empreendedorismo feminino, a autonomia econ\u00f4mica e a gera\u00e7\u00e3o de renda. As aulas ser\u00e3o realizadas na avenida Cleto Campelo, n\u00ba 29, no Centro. As oficinas s\u00e3o gratuitas e as vagas s\u00e3o limitadas.<\/span><\/p>\n<p style=\"text-align: justify;\">Na segunda-feira (12), das 14h \u00e0s 17h, haver\u00e1 a oficina de \u201cOrganiza\u00e7\u00e3o Financeira\u201d. Na ter\u00e7a-feira (13), das 13h \u00e0s 17h, ser\u00e1 realizada a oficina de \u201cGest\u00e3o de M\u00eddias Sociais para seu Neg\u00f3cio\u201d. A oficina de \u201cConfec\u00e7\u00e3o de La\u00e7os de Cabelo\u201d ter\u00e1 in\u00edcio no dia 14 (quarta-feira), das 14h \u00e0s 16h.<\/p>\n<p style=\"text-align: justify;\">As inscri\u00e7\u00f5es podem ser feitas pelos links abaixo ou na SPM, rua dos Expedicion\u00e1rios, 30, Centro. Outras informa\u00e7\u00f5es podem obtidas pelo n\u00famero: (81) 9.8384-2954.<\/p>\n<p style=\"text-align: justify;\">Links para inscri\u00e7\u00f5es:<\/p>\n<p style=\"text-align: justify;\">Organiza\u00e7\u00e3o financeira: bit.ly\/oficinaspm01<\/p>\n<p style=\"text-align: justify;\">Gest\u00e3o de M\u00eddias Sociais para seu neg\u00f3cio: bit.ly\/oficinaspm02<\/p>\n<p style=\"text-align: justify;\">Confec\u00e7\u00e3o de la\u00e7os de cabelo: bit.ly\/oficinaspm03.<\/p>\n<p style=\"text-align: justify;\">Siga o Instagram do Blog @blogdoedvaldomagalhaes<\/p>\n","protected":false},"excerpt":{"rendered":"<p>A Secretaria de Pol\u00edticas para Mulheres (SPM), estar\u00e1 oferecendo oficinas, durante a pr\u00f3xima semana, que visam incentivar o empreendedorismo feminino,&hellip;<\/p>\n","protected":false},"author":1,"featured_media":90679,"comment_status":"closed","ping_status":"open","sticky":false,"template":"","format":"standard","meta":{"footnotes":""},"categories":[14120],"tags":[2,19532,3406,26273],"class_list":["post-90678","post","type-post","status-publish","format-standard","has-post-thumbnail","hentry","category-noticias","tag-blog-do-edvaldo-magalhaes","tag-blog-mais-acessado-e-visualizado-de-caruaru-e-regiao","tag-caruaru","tag-inscricoes-abertas-para-oficinas-de-empreendedorismo-feminino-em-caruaru"],"_links":{"self":[{"href":"https:\/\/blogdoedvaldomagalhaes.com.br\/index.php\/wp-json\/wp\/v2\/posts\/90678","targetHints":{"allow":["GET"]}}],"collection":[{"href":"https:\/\/blogdoedvaldomagalhaes.com.br\/index.php\/wp-json\/wp\/v2\/posts"}],"about":[{"href":"https:\/\/blogdoedvaldomagalhaes.com.br\/index.php\/wp-json\/wp\/v2\/types\/post"}],"author":[{"embeddable":true,"href":"https:\/\/blogdoedvaldomagalhaes.com.br\/index.php\/wp-json\/wp\/v2\/users\/1"}],"replies":[{"embeddable":true,"href":"https:\/\/blogdoedvaldomagalhaes.com.br\/index.php\/wp-json\/wp\/v2\/comments?post=90678"}],"version-history":[{"count":1,"href":"https:\/\/blogdoedvaldomagalhaes.com.br\/index.php\/wp-json\/wp\/v2\/posts\/90678\/revisions"}],"predecessor-version":[{"id":90680,"href":"https:\/\/blogdoedvaldomagalhaes.com.br\/index.php\/wp-json\/wp\/v2\/posts\/90678\/revisions\/90680"}],"wp:featuredmedia":[{"embeddable":true,"href":"https:\/\/blogdoedvaldomagalhaes.com.br\/index.php\/wp-json\/wp\/v2\/media\/90679"}],"wp:attachment":[{"href":"https:\/\/blogdoedvaldomagalhaes.com.br\/index.php\/wp-json\/wp\/v2\/media?parent=90678"}],"wp:term":[{"taxonomy":"category","embeddable":true,"href":"https:\/\/blogdoedvaldomagalhaes.com.br\/index.php\/wp-json\/wp\/v2\/categories?post=90678"},{"taxonomy":"post_tag","embeddable":true,"href":"https:\/\/blogdoedvaldomagalhaes.com.br\/index.php\/wp-json\/wp\/v2\/tags?post=90678"}],"curies":[{"name":"wp","href":"https:\/\/api.w.org\/{rel}","templated":true}]}}