{"id":90674,"date":"2022-12-09T18:17:19","date_gmt":"2022-12-09T21:17:19","guid":{"rendered":"https:\/\/blogdoedvaldomagalhaes.com.br\/?p=90674"},"modified":"2022-12-09T18:17:21","modified_gmt":"2022-12-09T21:17:21","slug":"tite-nao-e-mais-treinador-da-selecao-brasileira","status":"publish","type":"post","link":"https:\/\/blogdoedvaldomagalhaes.com.br\/index.php\/2022\/12\/09\/tite-nao-e-mais-treinador-da-selecao-brasileira\/","title":{"rendered":"Tite n\u00e3o \u00e9 mais treinador da Sele\u00e7\u00e3o Brasileira"},"content":{"rendered":"<p style=\"text-align: justify;\">Tite n\u00e3o \u00e9 mais treinador da Sele\u00e7\u00e3o Brasileira. <b>O treinador confirmou sua sa\u00edda em entrevista coletiva ap\u00f3s a elimina\u00e7\u00e3o para a Cro\u00e1cia, nesta sexta-feira (09)<\/b>. &#8220;A derrota \u00e9 dolorida, mas estou em paz&#8221;, disse Tite, em entrevista coletiva ap\u00f3s o jogo.<\/p>\n<p style=\"text-align: justify;\">O Brasil se despediu da Copa do Mundo FIFA Catar 2022. Nas quartas de final, a <strong>Sele\u00e7\u00e3o Brasileira<\/strong> foi eliminada nos p\u00eanaltis pela Cro\u00e1cia. Com a derrota, a Canarinho adiou o sonho do hexacampeonato. <i><strong>Cr\u00e9ditos:\u00a0<\/strong>Lucas Figueiredo\/CBF<\/i><\/p>\n<p style=\"text-align: justify;\"><i>Siga o Instagram do Blog @blogdoedvaldomagalhaes<\/i><\/p>\n","protected":false},"excerpt":{"rendered":"<p>Tite n\u00e3o \u00e9 mais treinador da Sele\u00e7\u00e3o Brasileira. O treinador confirmou sua sa\u00edda em entrevista coletiva ap\u00f3s a elimina\u00e7\u00e3o para&hellip;<\/p>\n","protected":false},"author":1,"featured_media":90675,"comment_status":"closed","ping_status":"open","sticky":false,"template":"","format":"standard","meta":{"footnotes":""},"categories":[14120],"tags":[2,19532,3406,26272],"class_list":["post-90674","post","type-post","status-publish","format-standard","has-post-thumbnail","hentry","category-noticias","tag-blog-do-edvaldo-magalhaes","tag-blog-mais-acessado-e-visualizado-de-caruaru-e-regiao","tag-caruaru","tag-tite-nao-e-mais-treinador-da-selecao-brasileira"],"_links":{"self":[{"href":"https:\/\/blogdoedvaldomagalhaes.com.br\/index.php\/wp-json\/wp\/v2\/posts\/90674","targetHints":{"allow":["GET"]}}],"collection":[{"href":"https:\/\/blogdoedvaldomagalhaes.com.br\/index.php\/wp-json\/wp\/v2\/posts"}],"about":[{"href":"https:\/\/blogdoedvaldomagalhaes.com.br\/index.php\/wp-json\/wp\/v2\/types\/post"}],"author":[{"embeddable":true,"href":"https:\/\/blogdoedvaldomagalhaes.com.br\/index.php\/wp-json\/wp\/v2\/users\/1"}],"replies":[{"embeddable":true,"href":"https:\/\/blogdoedvaldomagalhaes.com.br\/index.php\/wp-json\/wp\/v2\/comments?post=90674"}],"version-history":[{"count":1,"href":"https:\/\/blogdoedvaldomagalhaes.com.br\/index.php\/wp-json\/wp\/v2\/posts\/90674\/revisions"}],"predecessor-version":[{"id":90676,"href":"https:\/\/blogdoedvaldomagalhaes.com.br\/index.php\/wp-json\/wp\/v2\/posts\/90674\/revisions\/90676"}],"wp:featuredmedia":[{"embeddable":true,"href":"https:\/\/blogdoedvaldomagalhaes.com.br\/index.php\/wp-json\/wp\/v2\/media\/90675"}],"wp:attachment":[{"href":"https:\/\/blogdoedvaldomagalhaes.com.br\/index.php\/wp-json\/wp\/v2\/media?parent=90674"}],"wp:term":[{"taxonomy":"category","embeddable":true,"href":"https:\/\/blogdoedvaldomagalhaes.com.br\/index.php\/wp-json\/wp\/v2\/categories?post=90674"},{"taxonomy":"post_tag","embeddable":true,"href":"https:\/\/blogdoedvaldomagalhaes.com.br\/index.php\/wp-json\/wp\/v2\/tags?post=90674"}],"curies":[{"name":"wp","href":"https:\/\/api.w.org\/{rel}","templated":true}]}}