{"id":90671,"date":"2022-12-09T15:46:38","date_gmt":"2022-12-09T18:46:38","guid":{"rendered":"https:\/\/blogdoedvaldomagalhaes.com.br\/?p=90671"},"modified":"2022-12-09T15:46:40","modified_gmt":"2022-12-09T18:46:40","slug":"suspeito-de-roubo-e-furto-de-bicicletas-e-detido-pela-pm","status":"publish","type":"post","link":"https:\/\/blogdoedvaldomagalhaes.com.br\/index.php\/2022\/12\/09\/suspeito-de-roubo-e-furto-de-bicicletas-e-detido-pela-pm\/","title":{"rendered":"Suspeito de roubo e furto de bicicletas \u00e9 detido pela PM"},"content":{"rendered":"<p style=\"text-align: justify;\"><span style=\"font-size: revert; color: initial;\">Um dos indiv\u00edduos que estava sendo investigado pela pr\u00e1tica de roubo e furto de bicicletas em Candeias e em Barra de Jangada foi capturado e preso na madrugada desta sexta-feira (9), na Estrada de Curcurana, em Jaboat\u00e3o, por uma equipe do 6 BPM, ap\u00f3s mais um roubo. Desta vez o indiv\u00edduo adentrou em uma resid\u00eancia e amea\u00e7ou a v\u00edtima para levar a bicicleta de seu filho. Quando o policiamento passou em frente ao domic\u00edlio, a v\u00edtima informou o ocorrido. Prontamente, o efetivo iniciou buscas e conseguiu localizar o suspeito dentro do mato com o objeto do roubo. Ao ser questionado, o mesmo confessou ter pego a bicicleta e tamb\u00e9m que teria passagem por tentativa de homic\u00eddio. A ocorr\u00eancia foi conduzida para a Delegacia de Prazeres para provid\u00eancias cab\u00edveis. Foto: Divulga\u00e7\u00e3o\/PMPE.<\/span><\/p>\n<p style=\"text-align: justify;\">Siga o Instagram do Blog @blogdoedvaldomagalhaes<\/p>\n","protected":false},"excerpt":{"rendered":"<p>Um dos indiv\u00edduos que estava sendo investigado pela pr\u00e1tica de roubo e furto de bicicletas em Candeias e em Barra&hellip;<\/p>\n","protected":false},"author":1,"featured_media":90672,"comment_status":"closed","ping_status":"open","sticky":false,"template":"","format":"standard","meta":{"footnotes":""},"categories":[14121],"tags":[2,19532,3406,26271],"class_list":["post-90671","post","type-post","status-publish","format-standard","has-post-thumbnail","hentry","category-policial","tag-blog-do-edvaldo-magalhaes","tag-blog-mais-acessado-e-visualizado-de-caruaru-e-regiao","tag-caruaru","tag-suspeito-de-roubo-e-furto-de-bicicletas-e-detido-pela-pm"],"_links":{"self":[{"href":"https:\/\/blogdoedvaldomagalhaes.com.br\/index.php\/wp-json\/wp\/v2\/posts\/90671","targetHints":{"allow":["GET"]}}],"collection":[{"href":"https:\/\/blogdoedvaldomagalhaes.com.br\/index.php\/wp-json\/wp\/v2\/posts"}],"about":[{"href":"https:\/\/blogdoedvaldomagalhaes.com.br\/index.php\/wp-json\/wp\/v2\/types\/post"}],"author":[{"embeddable":true,"href":"https:\/\/blogdoedvaldomagalhaes.com.br\/index.php\/wp-json\/wp\/v2\/users\/1"}],"replies":[{"embeddable":true,"href":"https:\/\/blogdoedvaldomagalhaes.com.br\/index.php\/wp-json\/wp\/v2\/comments?post=90671"}],"version-history":[{"count":1,"href":"https:\/\/blogdoedvaldomagalhaes.com.br\/index.php\/wp-json\/wp\/v2\/posts\/90671\/revisions"}],"predecessor-version":[{"id":90673,"href":"https:\/\/blogdoedvaldomagalhaes.com.br\/index.php\/wp-json\/wp\/v2\/posts\/90671\/revisions\/90673"}],"wp:featuredmedia":[{"embeddable":true,"href":"https:\/\/blogdoedvaldomagalhaes.com.br\/index.php\/wp-json\/wp\/v2\/media\/90672"}],"wp:attachment":[{"href":"https:\/\/blogdoedvaldomagalhaes.com.br\/index.php\/wp-json\/wp\/v2\/media?parent=90671"}],"wp:term":[{"taxonomy":"category","embeddable":true,"href":"https:\/\/blogdoedvaldomagalhaes.com.br\/index.php\/wp-json\/wp\/v2\/categories?post=90671"},{"taxonomy":"post_tag","embeddable":true,"href":"https:\/\/blogdoedvaldomagalhaes.com.br\/index.php\/wp-json\/wp\/v2\/tags?post=90671"}],"curies":[{"name":"wp","href":"https:\/\/api.w.org\/{rel}","templated":true}]}}