{"id":90668,"date":"2022-12-09T13:58:03","date_gmt":"2022-12-09T16:58:03","guid":{"rendered":"https:\/\/blogdoedvaldomagalhaes.com.br\/?p=90668"},"modified":"2022-12-09T13:58:05","modified_gmt":"2022-12-09T16:58:05","slug":"vereador-jorge-quintino-discursa-sobre-revisao-do-pcc-dos-professores","status":"publish","type":"post","link":"https:\/\/blogdoedvaldomagalhaes.com.br\/index.php\/2022\/12\/09\/vereador-jorge-quintino-discursa-sobre-revisao-do-pcc-dos-professores\/","title":{"rendered":"Vereador Jorge Quintino discursa sobre revis\u00e3o do PCC dos professores"},"content":{"rendered":"<p style=\"text-align: justify;\"><span style=\"color: initial; font-size: revert;\">Durante a reuni\u00e3o ordin\u00e1ria realizada nessa quinta-feira (8), o vereador Jorge Quintino (Solidariedade) fez uso da tribuna para falar sobre a portaria assinada pelo prefeito Rodrigo Pinheiro, que cria uma comiss\u00e3o especial para fazer a revis\u00e3o do Plano de Cargos e Carreiras dos profissionais de educa\u00e7\u00e3o.<\/span><\/p>\n<p style=\"text-align: justify;\">\u201c\u00c9 muito importante a iniciativa do Poder Executivo em criar uma comiss\u00e3o especial para tratar da revis\u00e3o do Plano de Cargos e Carreiras dos profissionais da educa\u00e7\u00e3o, principalmente por reunir os principais atores desse setor. Como presidente da Comiss\u00e3o de Educa\u00e7\u00e3o da C\u00e2mara de Vereadores, considero um bom progresso esta iniciativa, principalmente porque a Casa Legislativa, atrav\u00e9s dos seus representantes, receber\u00e1 o respectivo plano de quem participa diretamente da classe, cabendo a Casa aprovar sob sua \u00f3tica legal como representantes da popula\u00e7\u00e3o caruaruense\u201d, destacou o vereador.<\/p>\n<p style=\"text-align: justify;\">Ainda na reuni\u00e3o, Jorge Quintino falou sobre seu Projeto de Lei solicitando que as bibliotecas p\u00fablicas municipais disponibilizem 10 % de seu acervo em livros em braille, que abranjam o maior n\u00famero de obras e autores poss\u00edveis, dos mais variados g\u00eaneros liter\u00e1rios.<\/p>\n<p style=\"text-align: justify;\">\u201cA produ\u00e7\u00e3o de livros acess\u00edveis permite \u00e0s pessoas cegas e com vis\u00e3o subnormal acesso ao mundo do conhecimento e informa\u00e7\u00e3o. Sabemos que, infelizmente, em Caruaru, ainda n\u00e3o existe uma biblioteca municipal, mas vamos dialogar junto ao Poder Executivo e tenho certeza que o prefeito Rodrigo Pinheiro ir\u00e1 solucionar este problema\u201d, finalizou o vereador. Foto: Vladimir Barreto.<\/p>\n<p style=\"text-align: justify;\">Siga o Instagram do Blog @blogdoedvaldomagalhaes<\/p>\n","protected":false},"excerpt":{"rendered":"<p>Durante a reuni\u00e3o ordin\u00e1ria realizada nessa quinta-feira (8), o vereador Jorge Quintino (Solidariedade) fez uso da tribuna para falar sobre&hellip;<\/p>\n","protected":false},"author":1,"featured_media":90669,"comment_status":"closed","ping_status":"open","sticky":false,"template":"","format":"standard","meta":{"footnotes":""},"categories":[14122],"tags":[2,19532,3406,26270],"class_list":["post-90668","post","type-post","status-publish","format-standard","has-post-thumbnail","hentry","category-politica","tag-blog-do-edvaldo-magalhaes","tag-blog-mais-acessado-e-visualizado-de-caruaru-e-regiao","tag-caruaru","tag-vereador-jorge-quintino-discursa-sobre-revisao-do-pcc-dos-professores"],"_links":{"self":[{"href":"https:\/\/blogdoedvaldomagalhaes.com.br\/index.php\/wp-json\/wp\/v2\/posts\/90668","targetHints":{"allow":["GET"]}}],"collection":[{"href":"https:\/\/blogdoedvaldomagalhaes.com.br\/index.php\/wp-json\/wp\/v2\/posts"}],"about":[{"href":"https:\/\/blogdoedvaldomagalhaes.com.br\/index.php\/wp-json\/wp\/v2\/types\/post"}],"author":[{"embeddable":true,"href":"https:\/\/blogdoedvaldomagalhaes.com.br\/index.php\/wp-json\/wp\/v2\/users\/1"}],"replies":[{"embeddable":true,"href":"https:\/\/blogdoedvaldomagalhaes.com.br\/index.php\/wp-json\/wp\/v2\/comments?post=90668"}],"version-history":[{"count":1,"href":"https:\/\/blogdoedvaldomagalhaes.com.br\/index.php\/wp-json\/wp\/v2\/posts\/90668\/revisions"}],"predecessor-version":[{"id":90670,"href":"https:\/\/blogdoedvaldomagalhaes.com.br\/index.php\/wp-json\/wp\/v2\/posts\/90668\/revisions\/90670"}],"wp:featuredmedia":[{"embeddable":true,"href":"https:\/\/blogdoedvaldomagalhaes.com.br\/index.php\/wp-json\/wp\/v2\/media\/90669"}],"wp:attachment":[{"href":"https:\/\/blogdoedvaldomagalhaes.com.br\/index.php\/wp-json\/wp\/v2\/media?parent=90668"}],"wp:term":[{"taxonomy":"category","embeddable":true,"href":"https:\/\/blogdoedvaldomagalhaes.com.br\/index.php\/wp-json\/wp\/v2\/categories?post=90668"},{"taxonomy":"post_tag","embeddable":true,"href":"https:\/\/blogdoedvaldomagalhaes.com.br\/index.php\/wp-json\/wp\/v2\/tags?post=90668"}],"curies":[{"name":"wp","href":"https:\/\/api.w.org\/{rel}","templated":true}]}}