{"id":90660,"date":"2022-12-09T13:11:21","date_gmt":"2022-12-09T16:11:21","guid":{"rendered":"https:\/\/blogdoedvaldomagalhaes.com.br\/?p=90660"},"modified":"2022-12-09T13:11:23","modified_gmt":"2022-12-09T16:11:23","slug":"posto-avancado-de-seguranca-funcionara-aos-domingos-em-caruaru","status":"publish","type":"post","link":"https:\/\/blogdoedvaldomagalhaes.com.br\/index.php\/2022\/12\/09\/posto-avancado-de-seguranca-funcionara-aos-domingos-em-caruaru\/","title":{"rendered":"Posto Avan\u00e7ado de Seguran\u00e7a funcionar\u00e1 aos domingos em Caruaru"},"content":{"rendered":"<p style=\"text-align: justify;\"><span style=\"color: initial; font-size: revert;\">A Secretaria de Ordem P\u00fablica (Secop), informa que o Posto Avan\u00e7ado de Seguran\u00e7a, localizado no Marco Zero da cidade, estar\u00e1 funcionando normalmente aos domingos, durante o m\u00eas de dezembro.<\/span><\/p>\n<p style=\"text-align: justify;\">A partir deste domingo (11), o com\u00e9rcio do Centro de Caruaru passar\u00e1 a funcionar. Com o pagamento do 13\u00ba sal\u00e1rio, existe a grande expectativa do aumento nas vendas, dessa forma, o Posto Avan\u00e7ado de Seguran\u00e7a, com as a\u00e7\u00f5es integradas da Guarda Municipal, fiscais da Secop e Pol\u00edcia Militar, v\u00e3o garantir mais seguran\u00e7a e resolu\u00e7\u00e3o das ocorr\u00eancias necess\u00e1rias.<\/p>\n<p style=\"text-align: justify;\">Siga o Instagram do Blog @blogdoedvaldomagalhaes<\/p>\n\n\n<figure class=\"wp-block-image size-large\"><img loading=\"lazy\" decoding=\"async\" width=\"1024\" height=\"682\" src=\"https:\/\/blogdoedvaldomagalhaes.com.br\/wp-content\/uploads\/2022\/12\/IMG-20221209-WA0020-1024x682.jpg\" alt=\"\" class=\"wp-image-90661\" srcset=\"https:\/\/blogdoedvaldomagalhaes.com.br\/wp-content\/uploads\/2022\/12\/IMG-20221209-WA0020-1024x682.jpg 1024w, https:\/\/blogdoedvaldomagalhaes.com.br\/wp-content\/uploads\/2022\/12\/IMG-20221209-WA0020-300x200.jpg 300w, https:\/\/blogdoedvaldomagalhaes.com.br\/wp-content\/uploads\/2022\/12\/IMG-20221209-WA0020-768x512.jpg 768w, https:\/\/blogdoedvaldomagalhaes.com.br\/wp-content\/uploads\/2022\/12\/IMG-20221209-WA0020.jpg 1280w\" sizes=\"auto, (max-width: 1024px) 100vw, 1024px\" \/><figcaption>Fotos: Jorge Farias\/PMC<\/figcaption><\/figure>\n","protected":false},"excerpt":{"rendered":"<p>A Secretaria de Ordem P\u00fablica (Secop), informa que o Posto Avan\u00e7ado de Seguran\u00e7a, localizado no Marco Zero da cidade, estar\u00e1&hellip;<\/p>\n","protected":false},"author":1,"featured_media":90662,"comment_status":"closed","ping_status":"open","sticky":false,"template":"","format":"standard","meta":{"footnotes":""},"categories":[14120],"tags":[2,19532,3406,26268],"class_list":["post-90660","post","type-post","status-publish","format-standard","has-post-thumbnail","hentry","category-noticias","tag-blog-do-edvaldo-magalhaes","tag-blog-mais-acessado-e-visualizado-de-caruaru-e-regiao","tag-caruaru","tag-posto-avancado-de-seguranca-funcionara-aos-domingos-em-caruaru"],"_links":{"self":[{"href":"https:\/\/blogdoedvaldomagalhaes.com.br\/index.php\/wp-json\/wp\/v2\/posts\/90660","targetHints":{"allow":["GET"]}}],"collection":[{"href":"https:\/\/blogdoedvaldomagalhaes.com.br\/index.php\/wp-json\/wp\/v2\/posts"}],"about":[{"href":"https:\/\/blogdoedvaldomagalhaes.com.br\/index.php\/wp-json\/wp\/v2\/types\/post"}],"author":[{"embeddable":true,"href":"https:\/\/blogdoedvaldomagalhaes.com.br\/index.php\/wp-json\/wp\/v2\/users\/1"}],"replies":[{"embeddable":true,"href":"https:\/\/blogdoedvaldomagalhaes.com.br\/index.php\/wp-json\/wp\/v2\/comments?post=90660"}],"version-history":[{"count":1,"href":"https:\/\/blogdoedvaldomagalhaes.com.br\/index.php\/wp-json\/wp\/v2\/posts\/90660\/revisions"}],"predecessor-version":[{"id":90663,"href":"https:\/\/blogdoedvaldomagalhaes.com.br\/index.php\/wp-json\/wp\/v2\/posts\/90660\/revisions\/90663"}],"wp:featuredmedia":[{"embeddable":true,"href":"https:\/\/blogdoedvaldomagalhaes.com.br\/index.php\/wp-json\/wp\/v2\/media\/90662"}],"wp:attachment":[{"href":"https:\/\/blogdoedvaldomagalhaes.com.br\/index.php\/wp-json\/wp\/v2\/media?parent=90660"}],"wp:term":[{"taxonomy":"category","embeddable":true,"href":"https:\/\/blogdoedvaldomagalhaes.com.br\/index.php\/wp-json\/wp\/v2\/categories?post=90660"},{"taxonomy":"post_tag","embeddable":true,"href":"https:\/\/blogdoedvaldomagalhaes.com.br\/index.php\/wp-json\/wp\/v2\/tags?post=90660"}],"curies":[{"name":"wp","href":"https:\/\/api.w.org\/{rel}","templated":true}]}}