{"id":90650,"date":"2022-12-09T12:38:06","date_gmt":"2022-12-09T15:38:06","guid":{"rendered":"https:\/\/blogdoedvaldomagalhaes.com.br\/?p=90650"},"modified":"2022-12-09T18:21:13","modified_gmt":"2022-12-09T21:21:13","slug":"vereador-irmao-ronaldo-pede-a-contracao-mais-medicos-cirurgioes-em-caruaru","status":"publish","type":"post","link":"https:\/\/blogdoedvaldomagalhaes.com.br\/index.php\/2022\/12\/09\/vereador-irmao-ronaldo-pede-a-contracao-mais-medicos-cirurgioes-em-caruaru\/","title":{"rendered":"Vereador Irm\u00e3o Ronaldo pede a contrata\u00e7\u00e3o de mais m\u00e9dicos cirurgi\u00f5es em Caruaru"},"content":{"rendered":"<p style=\"text-align: justify;\">O vereador Irm\u00e3o Ronaldo reiterou requerimento 3972\/2021 para que o munic\u00edpio de Caruaru atrav\u00e9s da Secret\u00e1ria de Sa\u00fade contrate mais m\u00e9dicos cirurgi\u00f5es, para atender a demanda de cirurgias eletivas em no munic\u00edpio.<\/p>\n<p style=\"text-align: justify;\">A propositura foi aprovada por unanimidade, na Sess\u00e3o Ordin\u00e1ria dessa quinta-feira (08), para atender toda a popula\u00e7\u00e3o.<\/p>\n<p style=\"text-align: justify;\">O vereador Irm\u00e3o Ronaldo relata os in\u00fameros pedidos de mun\u00edcipes, muitos dos quais esperam muito tempo devido \u00e0 alta demanda.&nbsp;H\u00e1 uma demanda importante de cirurgias que ficou reprimida devido \u00e0 pandemia.<\/p>\n<p style=\"text-align: justify;\">Vereador Irm\u00e3o Ronaldo solicitou tamb\u00e9m a Reforma e Requalifica\u00e7\u00e3o dos canteiros que dividem a Avenida Adjar da Silva Cas\u00e9, bairro Indian\u00f3polis.<\/p>\n<p style=\"text-align: justify;\">O parlamentar reiterou requerimento 3943\/2021 para que se Viabilize a Reforma Requalifica\u00e7\u00e3o nos Canteiros localizado na Av. Margarida Peixoto Vieira, Bairro Indian\u00f3polis.<\/p>\n<p style=\"text-align: justify;\">Reiterado requerimento 3942\/2021 do vereador Irm\u00e3o Ronaldo, com anteprojeto modelo para se tornar Projeto de lei, Assegura a reabilita\u00e7\u00e3o de pessoas com sequelas decorrentes da COVID-19 no \u00e2mbito do Sistema Municipal de Sa\u00fade de Caruaru.<\/p>\n<p style=\"text-align: justify;\">Irm\u00e3o Ronaldo reiterou requerimento 3960\/2021 para que viabilize um estudo t\u00e9cnico para a implanta\u00e7\u00e3o de um Telef\u00e9rico no Monte Bom Jesus ligando a Feira de Caruaru.<\/p>\n<p>Foto: Vladmir Barreto.<\/p>\n<p style=\"text-align: justify;\">Siga o Instagram do Blog @blogdoedvaldomagalhaes<\/p>\n","protected":false},"excerpt":{"rendered":"<p>O vereador Irm\u00e3o Ronaldo reiterou requerimento 3972\/2021 para que o munic\u00edpio de Caruaru atrav\u00e9s da Secret\u00e1ria de Sa\u00fade contrate mais&hellip;<\/p>\n","protected":false},"author":1,"featured_media":90651,"comment_status":"closed","ping_status":"open","sticky":false,"template":"","format":"standard","meta":{"footnotes":""},"categories":[14122],"tags":[2,19532,3406,20,26267],"class_list":["post-90650","post","type-post","status-publish","format-standard","has-post-thumbnail","hentry","category-politica","tag-blog-do-edvaldo-magalhaes","tag-blog-mais-acessado-e-visualizado-de-caruaru-e-regiao","tag-caruaru","tag-politica","tag-vereador-irmao-ronaldo-pede-a-contracao-mais-medicos-cirurgioes-em-caruaru"],"_links":{"self":[{"href":"https:\/\/blogdoedvaldomagalhaes.com.br\/index.php\/wp-json\/wp\/v2\/posts\/90650","targetHints":{"allow":["GET"]}}],"collection":[{"href":"https:\/\/blogdoedvaldomagalhaes.com.br\/index.php\/wp-json\/wp\/v2\/posts"}],"about":[{"href":"https:\/\/blogdoedvaldomagalhaes.com.br\/index.php\/wp-json\/wp\/v2\/types\/post"}],"author":[{"embeddable":true,"href":"https:\/\/blogdoedvaldomagalhaes.com.br\/index.php\/wp-json\/wp\/v2\/users\/1"}],"replies":[{"embeddable":true,"href":"https:\/\/blogdoedvaldomagalhaes.com.br\/index.php\/wp-json\/wp\/v2\/comments?post=90650"}],"version-history":[{"count":7,"href":"https:\/\/blogdoedvaldomagalhaes.com.br\/index.php\/wp-json\/wp\/v2\/posts\/90650\/revisions"}],"predecessor-version":[{"id":90677,"href":"https:\/\/blogdoedvaldomagalhaes.com.br\/index.php\/wp-json\/wp\/v2\/posts\/90650\/revisions\/90677"}],"wp:featuredmedia":[{"embeddable":true,"href":"https:\/\/blogdoedvaldomagalhaes.com.br\/index.php\/wp-json\/wp\/v2\/media\/90651"}],"wp:attachment":[{"href":"https:\/\/blogdoedvaldomagalhaes.com.br\/index.php\/wp-json\/wp\/v2\/media?parent=90650"}],"wp:term":[{"taxonomy":"category","embeddable":true,"href":"https:\/\/blogdoedvaldomagalhaes.com.br\/index.php\/wp-json\/wp\/v2\/categories?post=90650"},{"taxonomy":"post_tag","embeddable":true,"href":"https:\/\/blogdoedvaldomagalhaes.com.br\/index.php\/wp-json\/wp\/v2\/tags?post=90650"}],"curies":[{"name":"wp","href":"https:\/\/api.w.org\/{rel}","templated":true}]}}