{"id":90647,"date":"2022-12-09T09:26:28","date_gmt":"2022-12-09T12:26:28","guid":{"rendered":"https:\/\/blogdoedvaldomagalhaes.com.br\/?p=90647"},"modified":"2022-12-09T09:26:30","modified_gmt":"2022-12-09T12:26:30","slug":"prf-detem-casal-com-412-kg-de-maconha","status":"publish","type":"post","link":"https:\/\/blogdoedvaldomagalhaes.com.br\/index.php\/2022\/12\/09\/prf-detem-casal-com-412-kg-de-maconha\/","title":{"rendered":"PRF det\u00e9m casal com 41,2 Kg de maconha"},"content":{"rendered":"<p style=\"text-align: justify;\"><span style=\"color: initial; font-size: revert;\">Um casal que transportava 41,2 Kg de maconha foi detido, na noite de quinta-feira (8), pela Pol\u00edcia Rodovi\u00e1ria Federal (PRF). O ve\u00edculo que transportava a droga foi abordado em uma fiscaliza\u00e7\u00e3o de seguran\u00e7a vi\u00e1ria no Km 82 da BR 116, em Bel\u00e9m de S\u00e3o Francisco, no Sert\u00e3o pernambucano.<\/span><\/p>\n<p style=\"text-align: justify;\">Policiais realizavam uma blitz na rodovia, quando avistaram um carro com far\u00f3is em desacordo com o C\u00f3digo de Tr\u00e2nsito Brasileiro (CTB). Durante a abordagem, o motorista entrou em contradi\u00e7\u00e3o e estava bastante nervoso. Ele estava na companhia da namorada e disse que havia sa\u00eddo de Petrolina em dire\u00e7\u00e3o a Bel\u00e9m de S\u00e3o Francisco, para realizar um passeio.<\/p>\n<p style=\"text-align: justify;\">Ao verificar os equipamentos obrigat\u00f3rios do carro, a equipe abriu o porta-malas para olhar o estepe e encontrou sacos com odor de maconha. Diante da descoberta, o motorista admitiu que estava transportando a droga.<\/p>\n<p style=\"text-align: justify;\">O homem foi conduzido junto com a passageira \u00e0 Delegacia de Pol\u00edcia Civil de Floresta. O crime de tr\u00e1fico de drogas prev\u00ea pena de cinco a 15 anos de reclus\u00e3o. Foto: Divulga\u00e7\u00e3o\/PRF<\/p>\n<p style=\"text-align: justify;\">Siga o Instagram do Blog @blogdoedvaldomagalhaes<\/p>\n","protected":false},"excerpt":{"rendered":"<p>Um casal que transportava 41,2 Kg de maconha foi detido, na noite de quinta-feira (8), pela Pol\u00edcia Rodovi\u00e1ria Federal (PRF).&hellip;<\/p>\n","protected":false},"author":1,"featured_media":90648,"comment_status":"closed","ping_status":"open","sticky":false,"template":"","format":"standard","meta":{"footnotes":""},"categories":[14121],"tags":[2,19532,3406,26266],"class_list":["post-90647","post","type-post","status-publish","format-standard","has-post-thumbnail","hentry","category-policial","tag-blog-do-edvaldo-magalhaes","tag-blog-mais-acessado-e-visualizado-de-caruaru-e-regiao","tag-caruaru","tag-prf-detem-casal-com-41-kg-de-maconha"],"_links":{"self":[{"href":"https:\/\/blogdoedvaldomagalhaes.com.br\/index.php\/wp-json\/wp\/v2\/posts\/90647","targetHints":{"allow":["GET"]}}],"collection":[{"href":"https:\/\/blogdoedvaldomagalhaes.com.br\/index.php\/wp-json\/wp\/v2\/posts"}],"about":[{"href":"https:\/\/blogdoedvaldomagalhaes.com.br\/index.php\/wp-json\/wp\/v2\/types\/post"}],"author":[{"embeddable":true,"href":"https:\/\/blogdoedvaldomagalhaes.com.br\/index.php\/wp-json\/wp\/v2\/users\/1"}],"replies":[{"embeddable":true,"href":"https:\/\/blogdoedvaldomagalhaes.com.br\/index.php\/wp-json\/wp\/v2\/comments?post=90647"}],"version-history":[{"count":1,"href":"https:\/\/blogdoedvaldomagalhaes.com.br\/index.php\/wp-json\/wp\/v2\/posts\/90647\/revisions"}],"predecessor-version":[{"id":90649,"href":"https:\/\/blogdoedvaldomagalhaes.com.br\/index.php\/wp-json\/wp\/v2\/posts\/90647\/revisions\/90649"}],"wp:featuredmedia":[{"embeddable":true,"href":"https:\/\/blogdoedvaldomagalhaes.com.br\/index.php\/wp-json\/wp\/v2\/media\/90648"}],"wp:attachment":[{"href":"https:\/\/blogdoedvaldomagalhaes.com.br\/index.php\/wp-json\/wp\/v2\/media?parent=90647"}],"wp:term":[{"taxonomy":"category","embeddable":true,"href":"https:\/\/blogdoedvaldomagalhaes.com.br\/index.php\/wp-json\/wp\/v2\/categories?post=90647"},{"taxonomy":"post_tag","embeddable":true,"href":"https:\/\/blogdoedvaldomagalhaes.com.br\/index.php\/wp-json\/wp\/v2\/tags?post=90647"}],"curies":[{"name":"wp","href":"https:\/\/api.w.org\/{rel}","templated":true}]}}