{"id":90632,"date":"2022-12-08T20:48:45","date_gmt":"2022-12-08T23:48:45","guid":{"rendered":"https:\/\/blogdoedvaldomagalhaes.com.br\/?p=90632"},"modified":"2022-12-08T20:48:46","modified_gmt":"2022-12-08T23:48:46","slug":"pre-matricula-para-a-eja-em-caruaru-tem-inicio-nesta-segunda-feira-12","status":"publish","type":"post","link":"https:\/\/blogdoedvaldomagalhaes.com.br\/index.php\/2022\/12\/08\/pre-matricula-para-a-eja-em-caruaru-tem-inicio-nesta-segunda-feira-12\/","title":{"rendered":"Pr\u00e9-matr\u00edcula para a EJA em Caruaru, tem in\u00edcio nesta segunda-feira (12)"},"content":{"rendered":"<p style=\"text-align: justify;\"><span style=\"color: initial; font-size: revert;\">A Secretaria de Educa\u00e7\u00e3o e Esportes de Caruaru (Seduc), inicia, nesta segunda-feira (12), a pr\u00e9-matr\u00edcula dos estudantes interessados em ingressar na Educa\u00e7\u00e3o de Jovens e Adultos (EJA) do munic\u00edpio.<\/span><\/p>\n<p style=\"text-align: justify;\">Todo cidad\u00e3o, com 15 anos completos ou mais, pode realizar matr\u00edcula na Educa\u00e7\u00e3o de Jovens e Adultos a fim de dar continuidade aos estudos do Ensino Fundamental, que porventura foram interrompidos ao longo da vida. A Rede Municipal de Ensino oferta na EJA cursos de qualifica\u00e7\u00e3o profissional, com o objetivo de capacitar os estudantes caruaruenses para a entrada no mundo do trabalho, como tamb\u00e9m \u00a0proporcionar aperfei\u00e7oamento no of\u00edcio no qual nossos estudantes \u00a0j\u00e1 \u00a0exercem.<\/p>\n<p style=\"text-align: justify;\">&#8220;O destaque \u00e9 a qualifica\u00e7\u00e3o profissional na EJA Caruaru \u00a0ofertada durante o hor\u00e1rio de aula dos estudantes e na pr\u00f3pria escola, facilitando a participa\u00e7\u00e3o do estudante&#8221;, explica a secret\u00e1ria de Educa\u00e7\u00e3o e Esportes, Aline Tib\u00farcio.<\/p>\n<p style=\"text-align: justify;\">Para os estudantes novatos da EJA, o per\u00edodo de pr\u00e9-matr\u00edcula acontecer\u00e1 de 12 a 30 de dezembro, por meio do link https:\/\/bit.ly\/solicitnovatos, que s\u00f3 estar\u00e1 dispon\u00edvel para o p\u00fablico no per\u00edodo citado, ou indo diretamente na escola que pretende estudar. No dia 13 de janeiro ser\u00e1 divulgado o resultado da pr\u00e9-matr\u00edcula e a efetiva\u00e7\u00e3o da matr\u00edcula acontecer\u00e1 de 16 a 20 de janeiro.<\/p>\n<p style=\"text-align: justify;\">Para todos os tipos de ingresso na rede municipal de ensino, \u00e9 preciso levar os seguintes documentos (original e c\u00f3pia): certid\u00e3o de nascimento e\/ou casamento, c\u00e9dula de identidade (RG) e\/ou carteira profissional do estudante; declara\u00e7\u00e3o provis\u00f3ria ou hist\u00f3rico escolar da escola de origem (n\u00e3o devendo conter emendas e\/ou rasuras); CPF do estudante; CPF e RG do respons\u00e1vel ou do estudante quando maior de 18 anos; comprovante de resid\u00eancia com o CEP; cart\u00e3o de vacina\u00e7\u00e3o (Lei Estadual n\u00ba 13.770, de 18 de maio de 2009); duas fotografias 3&#215;4 recentes; Cart\u00e3o de Programas Sociais, caso seja benefici\u00e1rio; cart\u00e3o do SUS; comprovante de tipagem sangu\u00ednea (Fator RH); c\u00f3pia do Laudo M\u00e9dico para os estudantes com Defici\u00eancia, Transtornos Globais do Desenvolvimento e Altas Habilidades ou Superdota\u00e7\u00e3o.<\/p>\n<p style=\"text-align: justify;\">*Qualifica\u00e7\u00e3o profissional* &#8211; Durante o ano de 2022 foram executados sete cursos, dentre eles: Fabrica\u00e7\u00e3o de Doces e Salgados, Bolo de Rolo Pernambucano, Rotinas Administrativas, T\u00e9cnicas de Vendas e inform\u00e1tica b\u00e1sica, \u00a0qualificando mais \u00a0de dois mil estudantes \u00a0para o mercado de trabalho.<\/p>\n<p style=\"text-align: justify;\">Al\u00e9m disso, Caruaru \u00e9 pioneira no Brasil neste sentido, pois \u00e9 a primeira cidade a ofertar cursos de qualifica\u00e7\u00e3o profissional atrelado ao Ensino Fundamental de jovens e adultos. Foto: Divulga\u00e7\u00e3o\/PMC.<\/p>\n<p style=\"text-align: justify;\">Siga o Instagram do Blog @blogdoedvaldomagalhaes<\/p>\n","protected":false},"excerpt":{"rendered":"<p>A Secretaria de Educa\u00e7\u00e3o e Esportes de Caruaru (Seduc), inicia, nesta segunda-feira (12), a pr\u00e9-matr\u00edcula dos estudantes interessados em ingressar&hellip;<\/p>\n","protected":false},"author":1,"featured_media":90633,"comment_status":"closed","ping_status":"open","sticky":false,"template":"","format":"standard","meta":{"footnotes":""},"categories":[14120],"tags":[2,19532,3406,26263],"class_list":["post-90632","post","type-post","status-publish","format-standard","has-post-thumbnail","hentry","category-noticias","tag-blog-do-edvaldo-magalhaes","tag-blog-mais-acessado-e-visualizado-de-caruaru-e-regiao","tag-caruaru","tag-pre-matricula-para-a-eja-em-caruaru-tem-inicio-nesta-segunda-feira-12"],"_links":{"self":[{"href":"https:\/\/blogdoedvaldomagalhaes.com.br\/index.php\/wp-json\/wp\/v2\/posts\/90632","targetHints":{"allow":["GET"]}}],"collection":[{"href":"https:\/\/blogdoedvaldomagalhaes.com.br\/index.php\/wp-json\/wp\/v2\/posts"}],"about":[{"href":"https:\/\/blogdoedvaldomagalhaes.com.br\/index.php\/wp-json\/wp\/v2\/types\/post"}],"author":[{"embeddable":true,"href":"https:\/\/blogdoedvaldomagalhaes.com.br\/index.php\/wp-json\/wp\/v2\/users\/1"}],"replies":[{"embeddable":true,"href":"https:\/\/blogdoedvaldomagalhaes.com.br\/index.php\/wp-json\/wp\/v2\/comments?post=90632"}],"version-history":[{"count":1,"href":"https:\/\/blogdoedvaldomagalhaes.com.br\/index.php\/wp-json\/wp\/v2\/posts\/90632\/revisions"}],"predecessor-version":[{"id":90634,"href":"https:\/\/blogdoedvaldomagalhaes.com.br\/index.php\/wp-json\/wp\/v2\/posts\/90632\/revisions\/90634"}],"wp:featuredmedia":[{"embeddable":true,"href":"https:\/\/blogdoedvaldomagalhaes.com.br\/index.php\/wp-json\/wp\/v2\/media\/90633"}],"wp:attachment":[{"href":"https:\/\/blogdoedvaldomagalhaes.com.br\/index.php\/wp-json\/wp\/v2\/media?parent=90632"}],"wp:term":[{"taxonomy":"category","embeddable":true,"href":"https:\/\/blogdoedvaldomagalhaes.com.br\/index.php\/wp-json\/wp\/v2\/categories?post=90632"},{"taxonomy":"post_tag","embeddable":true,"href":"https:\/\/blogdoedvaldomagalhaes.com.br\/index.php\/wp-json\/wp\/v2\/tags?post=90632"}],"curies":[{"name":"wp","href":"https:\/\/api.w.org\/{rel}","templated":true}]}}