{"id":90629,"date":"2022-12-08T20:40:53","date_gmt":"2022-12-08T23:40:53","guid":{"rendered":"https:\/\/blogdoedvaldomagalhaes.com.br\/?p=90629"},"modified":"2022-12-08T20:40:54","modified_gmt":"2022-12-08T23:40:54","slug":"porto-contrata-o-tecnico-oscar-souza-para-o-campeonato-pernambucano-2023","status":"publish","type":"post","link":"https:\/\/blogdoedvaldomagalhaes.com.br\/index.php\/2022\/12\/08\/porto-contrata-o-tecnico-oscar-souza-para-o-campeonato-pernambucano-2023\/","title":{"rendered":"Porto contrata o t\u00e9cnico Oscar Souza para o Campeonato Pernambucano 2023"},"content":{"rendered":"<p style=\"text-align: justify;\">Com passagens pelo futebol paulista e mineiro, Oscar Souza \u00e9 o mais novo t\u00e9cnico do Clube Atl\u00e9tico do Porto.<\/p>\n<p style=\"text-align: justify;\">Ele se junta ao elenco tricolor, nesta segunda-feira (12), no Ninho do Gavi\u00e3o, quando a equipe caruaruense dar\u00e1 in\u00edcio aos preparativos visando a disputa do Campeonato Pernambucano S\u00e9rie A1 2023.<\/p>\n<p style=\"text-align: justify;\">Atualmente com 54 anos, o t\u00e9cnico acumula passagens pela base do Corinthians, al\u00e9m de j\u00e1 ter treinado o Penapolense e o Paulista, tamb\u00e9m de S\u00e3o Paulo, bem como o Mineiro e o Contagem, de Minas Gerais. Foto: Reprodu\u00e7\u00e3o\/O Gol.<\/p>\n<p style=\"text-align: justify;\">Siga o Instagram do Blog @blogdoedvaldomagalhaes<\/p>\n","protected":false},"excerpt":{"rendered":"<p>Com passagens pelo futebol paulista e mineiro, Oscar Souza \u00e9 o mais novo t\u00e9cnico do Clube Atl\u00e9tico do Porto. Ele&hellip;<\/p>\n","protected":false},"author":1,"featured_media":90630,"comment_status":"closed","ping_status":"open","sticky":false,"template":"","format":"standard","meta":{"footnotes":""},"categories":[14120],"tags":[2,19532,3406,3,26262],"class_list":["post-90629","post","type-post","status-publish","format-standard","has-post-thumbnail","hentry","category-noticias","tag-blog-do-edvaldo-magalhaes","tag-blog-mais-acessado-e-visualizado-de-caruaru-e-regiao","tag-caruaru","tag-futebol","tag-porto-contrata-o-tecnico-oscar-souza-para-o-campeonato-pernambucano-2023"],"_links":{"self":[{"href":"https:\/\/blogdoedvaldomagalhaes.com.br\/index.php\/wp-json\/wp\/v2\/posts\/90629","targetHints":{"allow":["GET"]}}],"collection":[{"href":"https:\/\/blogdoedvaldomagalhaes.com.br\/index.php\/wp-json\/wp\/v2\/posts"}],"about":[{"href":"https:\/\/blogdoedvaldomagalhaes.com.br\/index.php\/wp-json\/wp\/v2\/types\/post"}],"author":[{"embeddable":true,"href":"https:\/\/blogdoedvaldomagalhaes.com.br\/index.php\/wp-json\/wp\/v2\/users\/1"}],"replies":[{"embeddable":true,"href":"https:\/\/blogdoedvaldomagalhaes.com.br\/index.php\/wp-json\/wp\/v2\/comments?post=90629"}],"version-history":[{"count":1,"href":"https:\/\/blogdoedvaldomagalhaes.com.br\/index.php\/wp-json\/wp\/v2\/posts\/90629\/revisions"}],"predecessor-version":[{"id":90631,"href":"https:\/\/blogdoedvaldomagalhaes.com.br\/index.php\/wp-json\/wp\/v2\/posts\/90629\/revisions\/90631"}],"wp:featuredmedia":[{"embeddable":true,"href":"https:\/\/blogdoedvaldomagalhaes.com.br\/index.php\/wp-json\/wp\/v2\/media\/90630"}],"wp:attachment":[{"href":"https:\/\/blogdoedvaldomagalhaes.com.br\/index.php\/wp-json\/wp\/v2\/media?parent=90629"}],"wp:term":[{"taxonomy":"category","embeddable":true,"href":"https:\/\/blogdoedvaldomagalhaes.com.br\/index.php\/wp-json\/wp\/v2\/categories?post=90629"},{"taxonomy":"post_tag","embeddable":true,"href":"https:\/\/blogdoedvaldomagalhaes.com.br\/index.php\/wp-json\/wp\/v2\/tags?post=90629"}],"curies":[{"name":"wp","href":"https:\/\/api.w.org\/{rel}","templated":true}]}}