{"id":90618,"date":"2022-12-08T17:34:57","date_gmt":"2022-12-08T20:34:57","guid":{"rendered":"https:\/\/blogdoedvaldomagalhaes.com.br\/?p=90618"},"modified":"2022-12-08T17:34:58","modified_gmt":"2022-12-08T20:34:58","slug":"engenheiro-passa-mal-e-morre-treinando-em-academia-e-colegas-de-trabalho-prestam-homenagem","status":"publish","type":"post","link":"https:\/\/blogdoedvaldomagalhaes.com.br\/index.php\/2022\/12\/08\/engenheiro-passa-mal-e-morre-treinando-em-academia-e-colegas-de-trabalho-prestam-homenagem\/","title":{"rendered":"Engenheiro passa mal e morre treinando em academia e colegas de trabalho prestam homenagem"},"content":{"rendered":"<p style=\"text-align: justify;\"><span style=\"font-size: revert; color: initial;\">Na manh\u00e3 desta quinta-feira (08), o engenheiro Rafael Arruda, 44 anos de idade, engenheiro da Caixa Econ\u00f4mica Federal (CFE), estava treinando em uma academia nas depend\u00eancias de um centro de compras, quando passou mal\u00a0 e faleceu.<\/span><\/p>\n<p style=\"text-align: justify;\">Bombeiros Civis prestaram socorro, o SAMU tamb\u00e9m foi chamado, mas, infelizmente Rafael n\u00e3o resistiu e faleceu no local. O<span style=\"font-size: revert; color: initial;\"> corpo foi encaminhado ao SVO &#8211; Servi\u00e7o de Verifica\u00e7\u00e3o de \u00d3bito.<\/span><\/p>\n<p style=\"text-align: justify;\">Colegas de trabalho prestaram homenagem a Rafael Arruda (foto).<\/p>\n\n\n<figure class=\"wp-block-image size-full is-resized\"><img loading=\"lazy\" decoding=\"async\" src=\"https:\/\/blogdoedvaldomagalhaes.com.br\/wp-content\/uploads\/2022\/12\/FB_IMG_1670531609559.jpg\" alt=\"\" class=\"wp-image-90620\" width=\"348\" height=\"418\" srcset=\"https:\/\/blogdoedvaldomagalhaes.com.br\/wp-content\/uploads\/2022\/12\/FB_IMG_1670531609559.jpg 850w, https:\/\/blogdoedvaldomagalhaes.com.br\/wp-content\/uploads\/2022\/12\/FB_IMG_1670531609559-249x300.jpg 249w, https:\/\/blogdoedvaldomagalhaes.com.br\/wp-content\/uploads\/2022\/12\/FB_IMG_1670531609559-768x925.jpg 768w\" sizes=\"auto, (max-width: 348px) 100vw, 348px\" \/><figcaption>Foto de Rafael Arruda: Reprodu\u00e7\u00e3o\/Redes Sociais<\/figcaption><\/figure>\n","protected":false},"excerpt":{"rendered":"<p>Na manh\u00e3 desta quinta-feira (08), o engenheiro Rafael Arruda, 44 anos de idade, engenheiro da Caixa Econ\u00f4mica Federal (CFE), estava&hellip;<\/p>\n","protected":false},"author":1,"featured_media":90619,"comment_status":"closed","ping_status":"open","sticky":false,"template":"","format":"standard","meta":{"footnotes":""},"categories":[14120],"tags":[2,19532,3406,26260],"class_list":["post-90618","post","type-post","status-publish","format-standard","has-post-thumbnail","hentry","category-noticias","tag-blog-do-edvaldo-magalhaes","tag-blog-mais-acessado-e-visualizado-de-caruaru-e-regiao","tag-caruaru","tag-homem-passa-mal-e-morre-treinando-em-academia-e-colegas-de-trabalho-prestam-homenagem"],"_links":{"self":[{"href":"https:\/\/blogdoedvaldomagalhaes.com.br\/index.php\/wp-json\/wp\/v2\/posts\/90618","targetHints":{"allow":["GET"]}}],"collection":[{"href":"https:\/\/blogdoedvaldomagalhaes.com.br\/index.php\/wp-json\/wp\/v2\/posts"}],"about":[{"href":"https:\/\/blogdoedvaldomagalhaes.com.br\/index.php\/wp-json\/wp\/v2\/types\/post"}],"author":[{"embeddable":true,"href":"https:\/\/blogdoedvaldomagalhaes.com.br\/index.php\/wp-json\/wp\/v2\/users\/1"}],"replies":[{"embeddable":true,"href":"https:\/\/blogdoedvaldomagalhaes.com.br\/index.php\/wp-json\/wp\/v2\/comments?post=90618"}],"version-history":[{"count":1,"href":"https:\/\/blogdoedvaldomagalhaes.com.br\/index.php\/wp-json\/wp\/v2\/posts\/90618\/revisions"}],"predecessor-version":[{"id":90621,"href":"https:\/\/blogdoedvaldomagalhaes.com.br\/index.php\/wp-json\/wp\/v2\/posts\/90618\/revisions\/90621"}],"wp:featuredmedia":[{"embeddable":true,"href":"https:\/\/blogdoedvaldomagalhaes.com.br\/index.php\/wp-json\/wp\/v2\/media\/90619"}],"wp:attachment":[{"href":"https:\/\/blogdoedvaldomagalhaes.com.br\/index.php\/wp-json\/wp\/v2\/media?parent=90618"}],"wp:term":[{"taxonomy":"category","embeddable":true,"href":"https:\/\/blogdoedvaldomagalhaes.com.br\/index.php\/wp-json\/wp\/v2\/categories?post=90618"},{"taxonomy":"post_tag","embeddable":true,"href":"https:\/\/blogdoedvaldomagalhaes.com.br\/index.php\/wp-json\/wp\/v2\/tags?post=90618"}],"curies":[{"name":"wp","href":"https:\/\/api.w.org\/{rel}","templated":true}]}}