{"id":90615,"date":"2022-12-08T13:04:43","date_gmt":"2022-12-08T16:04:43","guid":{"rendered":"https:\/\/blogdoedvaldomagalhaes.com.br\/?p=90615"},"modified":"2022-12-08T13:04:45","modified_gmt":"2022-12-08T16:04:45","slug":"jorge-quintino-solicita-fornecimento-de-livros-em-braile-para-deficientes-visuais-nas-bibliotecas-publicas-de-caruaru","status":"publish","type":"post","link":"https:\/\/blogdoedvaldomagalhaes.com.br\/index.php\/2022\/12\/08\/jorge-quintino-solicita-fornecimento-de-livros-em-braile-para-deficientes-visuais-nas-bibliotecas-publicas-de-caruaru\/","title":{"rendered":"Jorge Quintino solicita fornecimento de livros em braile para deficientes visuais nas bibliotecas p\u00fablicas de Caruaru"},"content":{"rendered":"<p style=\"text-align: justify;\"><span style=\"color: initial; font-size: revert;\">Na tarde desta quinta-feira (08), ser\u00e1 realizada mais uma reuni\u00e3o ordin\u00e1ria na C\u00e2mara de Vereadores de Caruaru. Durante o momento, o vereador Jorge Quintino (SD) destacar\u00e1 um Projeto de Lei solicitando que as bibliotecas p\u00fablicas municipais disponibilizem 10 % de seu acervo em livros em braille, que abranjam o maior n\u00famero de obras e autores poss\u00edveis, dos mais variados g\u00eaneros liter\u00e1rios.<\/span><\/p>\n<p style=\"text-align: justify;\">\u201cLevando-se em conta que a sociedade atual caracteriza-se pela busca da informa\u00e7\u00e3o e do conhecimento, \u00e9 dever do poder p\u00fablico trabalhar para facilitar a inclus\u00e3o social de pessoas com defici\u00eancia visual, por meio de livros acess\u00edveis. A produ\u00e7\u00e3o de livros acess\u00edveis permite \u00e0s pessoas cegas e com vis\u00e3o subnormal acesso ao mundo do conhecimento e informa\u00e7\u00e3o\u201d, ressalta Jorge Quintino.<\/p>\n<p style=\"text-align: justify;\">Ainda durante a sess\u00e3o, o vereador apresentar\u00e1 um Anteprojeto sobre a dispensa de servidor p\u00fablico municipal de parte da jornada de trabalho para o acompanhamento de pessoa com defici\u00eancia, que poder\u00e1 corresponder at\u00e9 50% de sua carga hor\u00e1ria semanal, distribu\u00edda durante os dias de seu expediente regular.<\/p>\n<p style=\"text-align: justify;\">\u201cEste Anteprojeto visa garantir a redu\u00e7\u00e3o da carga hor\u00e1ria semanal aos Servidores P\u00fablicos Municipais que s\u00e3o respons\u00e1veis por pessoas com defici\u00eancia. N\u00e3o se trata de oferecer benef\u00edcio, mas condi\u00e7\u00f5es m\u00ednimas para que os pais possam dar aos filhos e\/outras pessoas sob sua responsabilidade o m\u00ednimo de condi\u00e7\u00f5es de efetuar um tratamento que se torne eficaz\u2019, destaca Jorge Quintino.<\/p>\n<p style=\"text-align: justify;\">A 62\u00aa sess\u00e3o legislativa ocorrer\u00e1 na Casa Jornalista Jos\u00e9 Carlos Flor\u00eancio, a partir das 16h. Foto: Vladimir Barreto.<\/p>\n<p style=\"text-align: justify;\">Siga o Instagram do Blog @blogdoedvaldomagalhaes<\/p>\n","protected":false},"excerpt":{"rendered":"<p>Na tarde desta quinta-feira (08), ser\u00e1 realizada mais uma reuni\u00e3o ordin\u00e1ria na C\u00e2mara de Vereadores de Caruaru. Durante o momento,&hellip;<\/p>\n","protected":false},"author":1,"featured_media":90616,"comment_status":"closed","ping_status":"open","sticky":false,"template":"","format":"standard","meta":{"footnotes":""},"categories":[14122],"tags":[2,19532,3406,26259,20],"class_list":["post-90615","post","type-post","status-publish","format-standard","has-post-thumbnail","hentry","category-politica","tag-blog-do-edvaldo-magalhaes","tag-blog-mais-acessado-e-visualizado-de-caruaru-e-regiao","tag-caruaru","tag-jorge-quintino-solicita-fornecimento-de-livros-em-braile-para-deficientes-visuais-nas-bibliotecas-publicas-de-caruaru","tag-politica"],"_links":{"self":[{"href":"https:\/\/blogdoedvaldomagalhaes.com.br\/index.php\/wp-json\/wp\/v2\/posts\/90615","targetHints":{"allow":["GET"]}}],"collection":[{"href":"https:\/\/blogdoedvaldomagalhaes.com.br\/index.php\/wp-json\/wp\/v2\/posts"}],"about":[{"href":"https:\/\/blogdoedvaldomagalhaes.com.br\/index.php\/wp-json\/wp\/v2\/types\/post"}],"author":[{"embeddable":true,"href":"https:\/\/blogdoedvaldomagalhaes.com.br\/index.php\/wp-json\/wp\/v2\/users\/1"}],"replies":[{"embeddable":true,"href":"https:\/\/blogdoedvaldomagalhaes.com.br\/index.php\/wp-json\/wp\/v2\/comments?post=90615"}],"version-history":[{"count":1,"href":"https:\/\/blogdoedvaldomagalhaes.com.br\/index.php\/wp-json\/wp\/v2\/posts\/90615\/revisions"}],"predecessor-version":[{"id":90617,"href":"https:\/\/blogdoedvaldomagalhaes.com.br\/index.php\/wp-json\/wp\/v2\/posts\/90615\/revisions\/90617"}],"wp:featuredmedia":[{"embeddable":true,"href":"https:\/\/blogdoedvaldomagalhaes.com.br\/index.php\/wp-json\/wp\/v2\/media\/90616"}],"wp:attachment":[{"href":"https:\/\/blogdoedvaldomagalhaes.com.br\/index.php\/wp-json\/wp\/v2\/media?parent=90615"}],"wp:term":[{"taxonomy":"category","embeddable":true,"href":"https:\/\/blogdoedvaldomagalhaes.com.br\/index.php\/wp-json\/wp\/v2\/categories?post=90615"},{"taxonomy":"post_tag","embeddable":true,"href":"https:\/\/blogdoedvaldomagalhaes.com.br\/index.php\/wp-json\/wp\/v2\/tags?post=90615"}],"curies":[{"name":"wp","href":"https:\/\/api.w.org\/{rel}","templated":true}]}}