{"id":90612,"date":"2022-12-08T09:11:39","date_gmt":"2022-12-08T12:11:39","guid":{"rendered":"https:\/\/blogdoedvaldomagalhaes.com.br\/?p=90612"},"modified":"2022-12-08T09:11:40","modified_gmt":"2022-12-08T12:11:40","slug":"confira-a-programacao-em-comemoracao-aos-110-anos-de-luiz-gonzaga-em-caruaru","status":"publish","type":"post","link":"https:\/\/blogdoedvaldomagalhaes.com.br\/index.php\/2022\/12\/08\/confira-a-programacao-em-comemoracao-aos-110-anos-de-luiz-gonzaga-em-caruaru\/","title":{"rendered":"Confira a programa\u00e7\u00e3o em comemora\u00e7\u00e3o aos 110 anos de Luiz Gonzaga, em Caruaru"},"content":{"rendered":"<p style=\"text-align: justify;\"><span style=\"color: initial; font-size: revert;\">Em comemora\u00e7\u00e3o ao Dia Nacional do Forr\u00f3 e anivers\u00e1rio do Rei do Bai\u00e3o, Luiz Gonzaga, que, se estivesse vivo, completaria 110 anos, a Funda\u00e7\u00e3o de Cultura de Caruaru, montou uma programa\u00e7\u00e3o dedicada a esta data. De 12 a 16 deste m\u00eas, um leque de atividades estar\u00e1 dispon\u00edvel para a popula\u00e7\u00e3o, com exposi\u00e7\u00e3o, caf\u00e9 com Gonzaga, palestras, lan\u00e7amento de livro e selo do forr\u00f3, por meio da IV Semana Viva Gonzaga.<\/span><\/p>\n<p style=\"text-align: justify;\">As comemora\u00e7\u00f5es ter\u00e3o in\u00edcio, na segunda, 12, com a exposi\u00e7\u00e3o Viva Gonzaga, na qual pe\u00e7as de barro em homenagem ao artista estar\u00e3o expostas no hall da Funda\u00e7\u00e3o de Cultura, a partir das 19h30. J\u00e1 na ter\u00e7a-feira, 13, data do anivers\u00e1rio do Rei, ser\u00e1 realizado, no P\u00e1tio de Eventos Luiz Lua Gonzaga, em frente \u00e0 est\u00e1tua, o Caf\u00e9 com Gonzaga, onde ter\u00e1 a participa\u00e7\u00e3o da Orquestra Sanf\u00f4nica da cidade do Exu, da Orquestra do Maestro Mozart Vieira e artistas locais, que homenagear\u00e3o o artista cantando m\u00fasicas de sua autoria. A homenagem tem in\u00edcio \u00e0s 6h da manh\u00e3.<\/p>\n<p style=\"text-align: justify;\">Seguindo a programa\u00e7\u00e3o, no dia 14, acontece a palestra: Luiz Gonzaga o Eterno Rei do Bai\u00e3o, que ser\u00e1 ministrada pelo compositor e Patrim\u00f4nio Vivo de Caruaru, Onildo Almeida, tamb\u00e9m no hall da Funda\u00e7\u00e3o de Cultura, \u00e0s 19h30.<\/p>\n<p style=\"text-align: justify;\">Para compor o quarto dia de atividades, ser\u00e1 a vez do lan\u00e7amento do selo oficial dos Correios em homenagem ao forr\u00f3 e tamb\u00e9m o lan\u00e7amento do livro &#8220;Pernambuco em versos, conquistas e munic\u00edpios&#8221;, do autor Luiz Bezerra.<\/p>\n<p style=\"text-align: justify;\">Finalizando a programa\u00e7\u00e3o, ser\u00e1 a vez da palestra &#8220;Luiz Gonzaga, Cidad\u00e3o de Caruaru&#8221;, com o professor e pesquisador, Jos\u00e9 Urbano. A palestra ser\u00e1 realizada na Escola de Tempo Integral Rubem de Lima Barros, no bairro Cidade Jardim, \u00e0s 14h30. Foto: Jorge Farias\/PMC.<\/p>\n<p style=\"text-align: justify;\">Siga o Instagram do Blog @blogdoedvaldomagalhaes<\/p>\n","protected":false},"excerpt":{"rendered":"<p>Em comemora\u00e7\u00e3o ao Dia Nacional do Forr\u00f3 e anivers\u00e1rio do Rei do Bai\u00e3o, Luiz Gonzaga, que, se estivesse vivo, completaria&hellip;<\/p>\n","protected":false},"author":1,"featured_media":90613,"comment_status":"closed","ping_status":"open","sticky":false,"template":"","format":"standard","meta":{"footnotes":""},"categories":[14120],"tags":[2,19532,3406,26258],"class_list":["post-90612","post","type-post","status-publish","format-standard","has-post-thumbnail","hentry","category-noticias","tag-blog-do-edvaldo-magalhaes","tag-blog-mais-acessado-e-visualizado-de-caruaru-e-regiao","tag-caruaru","tag-confira-a-programacao-em-comemoracao-aos-110-anos-de-luiz-gonzaga-em-caruaru"],"_links":{"self":[{"href":"https:\/\/blogdoedvaldomagalhaes.com.br\/index.php\/wp-json\/wp\/v2\/posts\/90612","targetHints":{"allow":["GET"]}}],"collection":[{"href":"https:\/\/blogdoedvaldomagalhaes.com.br\/index.php\/wp-json\/wp\/v2\/posts"}],"about":[{"href":"https:\/\/blogdoedvaldomagalhaes.com.br\/index.php\/wp-json\/wp\/v2\/types\/post"}],"author":[{"embeddable":true,"href":"https:\/\/blogdoedvaldomagalhaes.com.br\/index.php\/wp-json\/wp\/v2\/users\/1"}],"replies":[{"embeddable":true,"href":"https:\/\/blogdoedvaldomagalhaes.com.br\/index.php\/wp-json\/wp\/v2\/comments?post=90612"}],"version-history":[{"count":1,"href":"https:\/\/blogdoedvaldomagalhaes.com.br\/index.php\/wp-json\/wp\/v2\/posts\/90612\/revisions"}],"predecessor-version":[{"id":90614,"href":"https:\/\/blogdoedvaldomagalhaes.com.br\/index.php\/wp-json\/wp\/v2\/posts\/90612\/revisions\/90614"}],"wp:featuredmedia":[{"embeddable":true,"href":"https:\/\/blogdoedvaldomagalhaes.com.br\/index.php\/wp-json\/wp\/v2\/media\/90613"}],"wp:attachment":[{"href":"https:\/\/blogdoedvaldomagalhaes.com.br\/index.php\/wp-json\/wp\/v2\/media?parent=90612"}],"wp:term":[{"taxonomy":"category","embeddable":true,"href":"https:\/\/blogdoedvaldomagalhaes.com.br\/index.php\/wp-json\/wp\/v2\/categories?post=90612"},{"taxonomy":"post_tag","embeddable":true,"href":"https:\/\/blogdoedvaldomagalhaes.com.br\/index.php\/wp-json\/wp\/v2\/tags?post=90612"}],"curies":[{"name":"wp","href":"https:\/\/api.w.org\/{rel}","templated":true}]}}