{"id":90604,"date":"2022-12-07T18:56:53","date_gmt":"2022-12-07T21:56:53","guid":{"rendered":"https:\/\/blogdoedvaldomagalhaes.com.br\/?p=90604"},"modified":"2022-12-07T18:56:55","modified_gmt":"2022-12-07T21:56:55","slug":"governadora-eleita-raquel-lyra-se-reune-com-prefeitos-e-prefeitas-de-pernambuco","status":"publish","type":"post","link":"https:\/\/blogdoedvaldomagalhaes.com.br\/index.php\/2022\/12\/07\/governadora-eleita-raquel-lyra-se-reune-com-prefeitos-e-prefeitas-de-pernambuco\/","title":{"rendered":"Governadora eleita, Raquel Lyra se re\u00fane com prefeitos e prefeitas de Pernambuco"},"content":{"rendered":"<p style=\"text-align: justify;\"><span style=\"color: initial; font-size: revert;\">A governadora eleita, Raquel Lyra, e a sua vice Priscila Krause se reuniram, nesta quarta-feira (7), com os prefeitos e prefeitas de Pernambuco. O encontro aconteceu no Espa\u00e7o Renato Machado, em Caruaru, e, na ocasi\u00e3o, estiveram presentes prefeitos e prefeitas de 160 munic\u00edpios.<\/span><\/p>\n<p style=\"text-align: justify;\">Raquel agradeceu a presen\u00e7a de todos que se disponibilizaram a sair de suas cidades para estar no encontro e afirmou &#8220;que daqui pra frente Pernambuco \u00e9 um s\u00f3&#8221;. &#8220;A campanha ficou para tr\u00e1s. A gente desarmou nossos palanques e estamos olhando pra frente. Serei a governadora de todos. S\u00f3 vamos realmente mudar Pernambuco e melhorar a vida da nossa gente se esse for um projeto de todos, independente de bandeiras pol\u00edticas e partid\u00e1rias&#8221;, afirmou Raquel.<\/p>\n<p style=\"text-align: justify;\">Ainda na ocasi\u00e3o, a governadora eleita ratificou a urg\u00eancia em resolver os problemas do povo e que isso deve estar acima dos interesses pessoais. &#8220;Pernambuco quer um novo rumo. Quem conhece os problemas das cidades na intimidade s\u00e3o os prefeitos. Vamos governar lado a lado com voc\u00eas&#8221;, disse.<\/p>\n<p style=\"text-align: justify;\">Quanto \u00e0 transi\u00e7\u00e3o de governo, a governadora eleita afirmou que n\u00e3o sabe em quais condi\u00e7\u00f5es vai receber o estado.<br \/>&#8220;Estamos olhando a situa\u00e7\u00e3o do governo com muita preocupa\u00e7\u00e3o. Priscila est\u00e1 liderando a equipe de transi\u00e7\u00e3o e fazendo um trabalho maravilhoso, mas todos os dias chegam informa\u00e7\u00f5es de novos gastos e acordos realizados pela atual gest\u00e3o. Tudo feito \u00e0s pressas, sem planejamento e, muitas vezes, sem priorizar o que \u00e9 mais importante de fazer agora, neste momento. E isso \u00e9 grave\u201d, afirmou.<\/p>\n<p style=\"text-align: justify;\">J\u00e1 Priscila destacou do orgulho de liderar o trabalho da equipe do governo de transi\u00e7\u00e3o. &#8220;\u00c9 algo que n\u00e3o acontecia h\u00e1 16 anos em Pernambuco. Formamos uma equipe t\u00e9cnica, que tem dois objetivos centrais: fazer o diagn\u00f3stico sobre como vamos herdar o governo e manter todos os servi\u00e7os funcionando pro cidad\u00e3o pernambucano no in\u00edcio do pr\u00f3ximo ano.<br \/>O que temos visto at\u00e9 agora nos traz preocupa\u00e7\u00f5es&#8221;, discursou.<\/p>\n<p style=\"text-align: justify;\">*MULHERES* &#8211; Men\u00e7\u00e3o \u00e0s mulheres prefeitas tamb\u00e9m fez parte do discurso de Raquel. &#8220;Temos 33 prefeitas em Pernambuco. Sei da luta de voc\u00eas todas. Sou parte dessa luta. J\u00e1 estive nesse lugar. Eu fui a primeira mulher a ser prefeita da minha cidade, Caruaru. Sou a primeira governadora eleita de Pernambuco. E tenho certeza de que o fato de ser mulher foi fundamental pra chegar at\u00e9 aqui. N\u00f3s temos uma vis\u00e3o diferente do que \u00e9 prioridade na gest\u00e3o p\u00fablica. Da maneira de investir na educa\u00e7\u00e3o, na sa\u00fade, no cuidado com as fam\u00edlias. \u00c9 isso que faz a diferen\u00e7a na vida das pernambucanas e pernambucanos.&#8221;<\/p>\n<p style=\"text-align: justify;\">Siga o Instagram do Blog @blogdoedvaldomagalhaes<\/p>\n\n\n<figure class=\"wp-block-image size-full\"><img loading=\"lazy\" decoding=\"async\" width=\"683\" height=\"1024\" src=\"https:\/\/blogdoedvaldomagalhaes.com.br\/wp-content\/uploads\/2022\/12\/IMG-20221207-WA0156.jpg\" alt=\"\" class=\"wp-image-90606\" srcset=\"https:\/\/blogdoedvaldomagalhaes.com.br\/wp-content\/uploads\/2022\/12\/IMG-20221207-WA0156.jpg 683w, https:\/\/blogdoedvaldomagalhaes.com.br\/wp-content\/uploads\/2022\/12\/IMG-20221207-WA0156-200x300.jpg 200w\" sizes=\"auto, (max-width: 683px) 100vw, 683px\" \/><figcaption>Fotos: Jana\u00edna Pepeu<\/figcaption><\/figure>\n","protected":false},"excerpt":{"rendered":"<p>A governadora eleita, Raquel Lyra, e a sua vice Priscila Krause se reuniram, nesta quarta-feira (7), com os prefeitos e&hellip;<\/p>\n","protected":false},"author":1,"featured_media":90605,"comment_status":"closed","ping_status":"open","sticky":false,"template":"","format":"standard","meta":{"footnotes":""},"categories":[14122],"tags":[2,19532,3406,26256,20],"class_list":["post-90604","post","type-post","status-publish","format-standard","has-post-thumbnail","hentry","category-politica","tag-blog-do-edvaldo-magalhaes","tag-blog-mais-acessado-e-visualizado-de-caruaru-e-regiao","tag-caruaru","tag-governadora-eleita-raquel-lyra-se-reune-com-prefeitos-e-prefeitas-de-pernambuco","tag-politica"],"_links":{"self":[{"href":"https:\/\/blogdoedvaldomagalhaes.com.br\/index.php\/wp-json\/wp\/v2\/posts\/90604","targetHints":{"allow":["GET"]}}],"collection":[{"href":"https:\/\/blogdoedvaldomagalhaes.com.br\/index.php\/wp-json\/wp\/v2\/posts"}],"about":[{"href":"https:\/\/blogdoedvaldomagalhaes.com.br\/index.php\/wp-json\/wp\/v2\/types\/post"}],"author":[{"embeddable":true,"href":"https:\/\/blogdoedvaldomagalhaes.com.br\/index.php\/wp-json\/wp\/v2\/users\/1"}],"replies":[{"embeddable":true,"href":"https:\/\/blogdoedvaldomagalhaes.com.br\/index.php\/wp-json\/wp\/v2\/comments?post=90604"}],"version-history":[{"count":1,"href":"https:\/\/blogdoedvaldomagalhaes.com.br\/index.php\/wp-json\/wp\/v2\/posts\/90604\/revisions"}],"predecessor-version":[{"id":90607,"href":"https:\/\/blogdoedvaldomagalhaes.com.br\/index.php\/wp-json\/wp\/v2\/posts\/90604\/revisions\/90607"}],"wp:featuredmedia":[{"embeddable":true,"href":"https:\/\/blogdoedvaldomagalhaes.com.br\/index.php\/wp-json\/wp\/v2\/media\/90605"}],"wp:attachment":[{"href":"https:\/\/blogdoedvaldomagalhaes.com.br\/index.php\/wp-json\/wp\/v2\/media?parent=90604"}],"wp:term":[{"taxonomy":"category","embeddable":true,"href":"https:\/\/blogdoedvaldomagalhaes.com.br\/index.php\/wp-json\/wp\/v2\/categories?post=90604"},{"taxonomy":"post_tag","embeddable":true,"href":"https:\/\/blogdoedvaldomagalhaes.com.br\/index.php\/wp-json\/wp\/v2\/tags?post=90604"}],"curies":[{"name":"wp","href":"https:\/\/api.w.org\/{rel}","templated":true}]}}