{"id":90601,"date":"2022-12-07T18:14:55","date_gmt":"2022-12-07T21:14:55","guid":{"rendered":"https:\/\/blogdoedvaldomagalhaes.com.br\/?p=90601"},"modified":"2022-12-07T18:14:57","modified_gmt":"2022-12-07T21:14:57","slug":"morre-lider-comunitario-delson-de-riacho-doce-em-casa-loterica-de-caruaru","status":"publish","type":"post","link":"https:\/\/blogdoedvaldomagalhaes.com.br\/index.php\/2022\/12\/07\/morre-lider-comunitario-delson-de-riacho-doce-em-casa-loterica-de-caruaru\/","title":{"rendered":"Morre l\u00edder comunit\u00e1rio Delson de Riacho Doce em casa lot\u00e9rica de Caruaru"},"content":{"rendered":"<p style=\"text-align: justify;\">No inicio desta tarde de quarta-feira (7), morreu Delson Da Vila Riacho Doce. Ele passou mal dentro de uma casa lot\u00e9rica no centro de Caruaru, e veio a \u00f3bito. Delson foi l\u00edder comunit\u00e1rio da Vila Riacho Doce, Zona Rural de Caruaru.<\/p>\n<p style=\"text-align: justify;\">&#8220;Deixo registrado minha total solidariedade \u00e0 fam\u00edlia, para que perpassem esse momento t\u00e3o doloroso, com a certeza de que o Senhor Delson est\u00e1 em um lugar melhor, em seu merecido descanso&#8221;, afirmou o vereador Jorge Quintino, em Nota de Pesar na C\u00e2mara.<\/p>\n","protected":false},"excerpt":{"rendered":"<p>No inicio desta tarde de quarta-feira (7), morreu Delson Da Vila Riacho Doce. Ele passou mal dentro de uma casa&hellip;<\/p>\n","protected":false},"author":1,"featured_media":90602,"comment_status":"closed","ping_status":"open","sticky":false,"template":"","format":"standard","meta":{"footnotes":""},"categories":[14120],"tags":[2,19532,3406,26255],"class_list":["post-90601","post","type-post","status-publish","format-standard","has-post-thumbnail","hentry","category-noticias","tag-blog-do-edvaldo-magalhaes","tag-blog-mais-acessado-e-visualizado-de-caruaru-e-regiao","tag-caruaru","tag-morre-lider-comunitario-delson-de-riacho-doce-em-casa-loterica"],"_links":{"self":[{"href":"https:\/\/blogdoedvaldomagalhaes.com.br\/index.php\/wp-json\/wp\/v2\/posts\/90601","targetHints":{"allow":["GET"]}}],"collection":[{"href":"https:\/\/blogdoedvaldomagalhaes.com.br\/index.php\/wp-json\/wp\/v2\/posts"}],"about":[{"href":"https:\/\/blogdoedvaldomagalhaes.com.br\/index.php\/wp-json\/wp\/v2\/types\/post"}],"author":[{"embeddable":true,"href":"https:\/\/blogdoedvaldomagalhaes.com.br\/index.php\/wp-json\/wp\/v2\/users\/1"}],"replies":[{"embeddable":true,"href":"https:\/\/blogdoedvaldomagalhaes.com.br\/index.php\/wp-json\/wp\/v2\/comments?post=90601"}],"version-history":[{"count":1,"href":"https:\/\/blogdoedvaldomagalhaes.com.br\/index.php\/wp-json\/wp\/v2\/posts\/90601\/revisions"}],"predecessor-version":[{"id":90603,"href":"https:\/\/blogdoedvaldomagalhaes.com.br\/index.php\/wp-json\/wp\/v2\/posts\/90601\/revisions\/90603"}],"wp:featuredmedia":[{"embeddable":true,"href":"https:\/\/blogdoedvaldomagalhaes.com.br\/index.php\/wp-json\/wp\/v2\/media\/90602"}],"wp:attachment":[{"href":"https:\/\/blogdoedvaldomagalhaes.com.br\/index.php\/wp-json\/wp\/v2\/media?parent=90601"}],"wp:term":[{"taxonomy":"category","embeddable":true,"href":"https:\/\/blogdoedvaldomagalhaes.com.br\/index.php\/wp-json\/wp\/v2\/categories?post=90601"},{"taxonomy":"post_tag","embeddable":true,"href":"https:\/\/blogdoedvaldomagalhaes.com.br\/index.php\/wp-json\/wp\/v2\/tags?post=90601"}],"curies":[{"name":"wp","href":"https:\/\/api.w.org\/{rel}","templated":true}]}}